{"id":40587,"date":"2026-02-20T17:20:45","date_gmt":"2026-02-20T17:20:45","guid":{"rendered":"https:\/\/fondazionerezza.it\/?p=40587"},"modified":"2026-03-16T17:22:54","modified_gmt":"2026-03-16T17:22:54","slug":"fondazione-rezza-e-la-casa-editrice-appunti-di-viaggio","status":"publish","type":"post","link":"https:\/\/fondazionerezza.it\/en\/fondazione-rezza-e-la-casa-editrice-appunti-di-viaggio\/","title":{"rendered":"Fondazione Rezza e la Casa Editrice &#8220;Appunti di Viaggio&#8221;"},"content":{"rendered":"<p>La Fondazione Rezza, in collaborazione con le Edizioni Appunti di Viaggio, propone una mattinata di riflessione e dialogo sui temi dell\u2019amore di Dio, del silenzio e della parola, sabato 21 marzo presso la Chiesa di S. Maria Annunziata in Borgo, sul Lungotevere Vaticano 1, a Roma. L\u2019iniziativa nasce dal desiderio di offrire al pubblico un\u2019occasione di incontro con due testi significativi della spiritualit\u00e0 cristiana contemporanea e con i loro autori.<\/p>\n<p>La Fondazione Rezza, fedele al proprio carisma \u201cPro Cultura et Caritate\u201d, organizza questo appuntamento come momento di approfondimento culturale e di crescita spirituale aperto alla citt\u00e0. In sinergia con le Edizioni Appunti di Viaggio, la Fondazione intende favorire un dialogo sereno e rigoroso su tematiche che toccano il cuore della vita di fede e dell\u2019esperienza umana.<\/p>\n<p>La mattinata si aprir\u00e0 alle ore 9.30 con la presentazione del volume \u201cRivelazioni dell\u2019Amore\u201d di Giuliana di Norwich, nell\u2019edizione curata da Marco Bosio, oblato benedettino. Dopo un intervallo alle ore 10.30, i lavori riprenderanno alle ore 11.00 con l\u2019incontro dedicato al libro \u201cIl potere del silenzio e delle parole\u201d di fra Emiliano Antenucci, approfondendo il rapporto tra silenzio interiore, comunicazione e testimonianza cristiana.<\/p>\n<p>Nel corso dell\u2019evento saranno presenti gli autori, che dialogheranno con il pubblico e offriranno chiavi di lettura per entrare nel cuore dei loro testi, mettendo in luce l\u2019attualit\u00e0 del messaggio di Giuliana di Norwich e la forza discreta del silenzio nella vita di oggi. A guidare e coordinare gli interventi parteciper\u00e0 come moderatore don Sergio Mercanzin &#8211; fondatore di &#8220;Russia Ecumenica&#8221; -, chiamato a favorire un clima di ascolto, confronto e partecipazione.<\/p>\n<p>L\u2019incontro si svolger\u00e0 nella Chiesa di S. Maria Annunziata in Borgo, situata in Lungotevere Vaticano 1, luogo particolarmente significativo sia per la sua storia sia per la vicinanza alla Basilica di San Pietro. La scelta di questa chiesa vuole sottolineare il legame tra approfondimento teologico, preghiera e vita ecclesiale, offrendo ai partecipanti uno spazio di raccoglimento e bellezza.<\/p>\n<p>La Fondazione Rezza invita calorosamente tutti \u2013 laici, consacrati, operatori pastorali, studiosi e semplici interessati \u2013 a prendere parte a questa mattinata di ascolto e di confronto, che desidera essere un servizio alla Chiesa e alla citt\u00e0 attraverso la cultura e la carit\u00e0. Per ulteriori informazioni \u00e8 possibile rivolgersi ad Appunti di Viaggio (<a href=\"mailto:laparola@appuntidiviaggio.it\">laparola@appuntidiviaggio.it<\/a>, tel. 06 47825030, cell. 340 3915503) o alla Fondazione Rezza (<a href=\"mailto:segreteria@fondazionerezza.it\">segreteria@fondazionerezza.it<\/a>).<\/p>","protected":false},"excerpt":{"rendered":"<p>Insieme per la cultura e la carit\u00e0<\/p>","protected":false},"author":1,"featured_media":40588,"comment_status":"closed","ping_status":"closed","sticky":false,"template":"","format":"standard","meta":{"_acf_changed":false,"inline_featured_image":false,"footnotes":""},"categories":[26],"tags":[],"class_list":["post-40587","post","type-post","status-publish","format-standard","has-post-thumbnail","hentry","category-notizie"],"acf":[],"yoast_head":"<!-- This site is optimized with the Yoast SEO plugin v26.2 - https:\/\/yoast.com\/wordpress\/plugins\/seo\/ -->\n<title>Fondazione Rezza e la Casa Editrice &quot;Appunti di Viaggio&quot; - Fondazione Rezza Pro Cultura et Caritate<\/title>\n<meta name=\"robots\" content=\"index, follow, max-snippet:-1, max-image-preview:large, max-video-preview:-1\" \/>\n<link rel=\"canonical\" href=\"https:\/\/fondazionerezza.it\/en\/fondazione-rezza-e-la-casa-editrice-appunti-di-viaggio\/\" \/>\n<meta property=\"og:locale\" content=\"en_US\" \/>\n<meta property=\"og:type\" content=\"article\" \/>\n<meta property=\"og:title\" content=\"Fondazione Rezza e la Casa Editrice &quot;Appunti di Viaggio&quot; - Fondazione Rezza Pro Cultura et Caritate\" \/>\n<meta property=\"og:description\" content=\"Insieme per la cultura e la carit\u00e0\" \/>\n<meta property=\"og:url\" content=\"https:\/\/fondazionerezza.it\/en\/fondazione-rezza-e-la-casa-editrice-appunti-di-viaggio\/\" \/>\n<meta property=\"og:site_name\" content=\"Fondazione Rezza Pro Cultura et Caritate\" \/>\n<meta property=\"article:published_time\" content=\"2026-02-20T17:20:45+00:00\" \/>\n<meta property=\"article:modified_time\" content=\"2026-03-16T17:22:54+00:00\" \/>\n<meta property=\"og:image\" content=\"https:\/\/fondazionerezza.it\/wp-content\/uploads\/2026\/03\/Fondazione-Rezza.jpg\" \/>\n\t<meta property=\"og:image:width\" content=\"794\" \/>\n\t<meta property=\"og:image:height\" content=\"1123\" \/>\n\t<meta property=\"og:image:type\" content=\"image\/jpeg\" \/>\n<meta name=\"author\" content=\"Gabriele\" \/>\n<meta name=\"twitter:card\" content=\"summary_large_image\" \/>\n<meta name=\"twitter:label1\" content=\"Written by\" \/>\n\t<meta name=\"twitter:data1\" content=\"Gabriele\" \/>\n\t<meta name=\"twitter:label2\" content=\"Est. reading time\" \/>\n\t<meta name=\"twitter:data2\" content=\"3 minutes\" \/>\n<script type=\"application\/ld+json\" class=\"yoast-schema-graph\">{\"@context\":\"https:\/\/schema.org\",\"@graph\":[{\"@type\":\"WebPage\",\"@id\":\"https:\/\/fondazionerezza.it\/fondazione-rezza-e-la-casa-editrice-appunti-di-viaggio\/\",\"url\":\"https:\/\/fondazionerezza.it\/fondazione-rezza-e-la-casa-editrice-appunti-di-viaggio\/\",\"name\":\"Fondazione Rezza e la Casa Editrice \\\"Appunti di Viaggio\\\" - Fondazione Rezza Pro Cultura et Caritate\",\"isPartOf\":{\"@id\":\"https:\/\/fondazionerezza.it\/#website\"},\"primaryImageOfPage\":{\"@id\":\"https:\/\/fondazionerezza.it\/fondazione-rezza-e-la-casa-editrice-appunti-di-viaggio\/#primaryimage\"},\"image\":{\"@id\":\"https:\/\/fondazionerezza.it\/fondazione-rezza-e-la-casa-editrice-appunti-di-viaggio\/#primaryimage\"},\"thumbnailUrl\":\"https:\/\/fondazionerezza.it\/wp-content\/uploads\/2026\/03\/Fondazione-Rezza.jpg\",\"datePublished\":\"2026-02-20T17:20:45+00:00\",\"dateModified\":\"2026-03-16T17:22:54+00:00\",\"author\":{\"@id\":\"https:\/\/fondazionerezza.it\/#\/schema\/person\/78e9e3caf358a79f7796e45f1349a4c4\"},\"breadcrumb\":{\"@id\":\"https:\/\/fondazionerezza.it\/fondazione-rezza-e-la-casa-editrice-appunti-di-viaggio\/#breadcrumb\"},\"inLanguage\":\"en-US\",\"potentialAction\":[{\"@type\":\"ReadAction\",\"target\":[\"https:\/\/fondazionerezza.it\/fondazione-rezza-e-la-casa-editrice-appunti-di-viaggio\/\"]}]},{\"@type\":\"ImageObject\",\"inLanguage\":\"en-US\",\"@id\":\"https:\/\/fondazionerezza.it\/fondazione-rezza-e-la-casa-editrice-appunti-di-viaggio\/#primaryimage\",\"url\":\"https:\/\/fondazionerezza.it\/wp-content\/uploads\/2026\/03\/Fondazione-Rezza.jpg\",\"contentUrl\":\"https:\/\/fondazionerezza.it\/wp-content\/uploads\/2026\/03\/Fondazione-Rezza.jpg\",\"width\":794,\"height\":1123},{\"@type\":\"BreadcrumbList\",\"@id\":\"https:\/\/fondazionerezza.it\/fondazione-rezza-e-la-casa-editrice-appunti-di-viaggio\/#breadcrumb\",\"itemListElement\":[{\"@type\":\"ListItem\",\"position\":1,\"name\":\"Home\",\"item\":\"https:\/\/fondazionerezza.it\/\"},{\"@type\":\"ListItem\",\"position\":2,\"name\":\"Fondazione Rezza e la Casa Editrice &#8220;Appunti di Viaggio&#8221;\"}]},{\"@type\":\"WebSite\",\"@id\":\"https:\/\/fondazionerezza.it\/#website\",\"url\":\"https:\/\/fondazionerezza.it\/\",\"name\":\"Fondazione Rezza Pro Cultura et Caritate\",\"description\":\"Promuoviamo cultura e carit\u00e0 per il bene comune\",\"potentialAction\":[{\"@type\":\"SearchAction\",\"target\":{\"@type\":\"EntryPoint\",\"urlTemplate\":\"https:\/\/fondazionerezza.it\/?s={search_term_string}\"},\"query-input\":{\"@type\":\"PropertyValueSpecification\",\"valueRequired\":true,\"valueName\":\"search_term_string\"}}],\"inLanguage\":\"en-US\"},{\"@type\":\"Person\",\"@id\":\"https:\/\/fondazionerezza.it\/#\/schema\/person\/78e9e3caf358a79f7796e45f1349a4c4\",\"name\":\"Gabriele\",\"image\":{\"@type\":\"ImageObject\",\"inLanguage\":\"en-US\",\"@id\":\"https:\/\/fondazionerezza.it\/#\/schema\/person\/image\/\",\"url\":\"https:\/\/secure.gravatar.com\/avatar\/39a6358c5a5ee772f51b11a850838ceb1033ab6288f087dd870f335f945da9a9?s=96&d=mm&r=g\",\"contentUrl\":\"https:\/\/secure.gravatar.com\/avatar\/39a6358c5a5ee772f51b11a850838ceb1033ab6288f087dd870f335f945da9a9?s=96&d=mm&r=g\",\"caption\":\"Gabriele\"},\"sameAs\":[\"https:\/\/fondazionerezza.it\"],\"url\":\"https:\/\/fondazionerezza.it\/en\/author\/xakifihame8615\/\"}]}<\/script>\n<!-- \/ Yoast SEO plugin. -->","yoast_head_json":{"title":"Fondazione Rezza e la Casa Editrice \"Appunti di Viaggio\" - Fondazione Rezza Pro Cultura et Caritate","robots":{"index":"index","follow":"follow","max-snippet":"max-snippet:-1","max-image-preview":"max-image-preview:large","max-video-preview":"max-video-preview:-1"},"canonical":"https:\/\/fondazionerezza.it\/en\/fondazione-rezza-e-la-casa-editrice-appunti-di-viaggio\/","og_locale":"en_US","og_type":"article","og_title":"Fondazione Rezza e la Casa Editrice \"Appunti di Viaggio\" - Fondazione Rezza Pro Cultura et Caritate","og_description":"Insieme per la cultura e la carit\u00e0","og_url":"https:\/\/fondazionerezza.it\/en\/fondazione-rezza-e-la-casa-editrice-appunti-di-viaggio\/","og_site_name":"Fondazione Rezza Pro Cultura et Caritate","article_published_time":"2026-02-20T17:20:45+00:00","article_modified_time":"2026-03-16T17:22:54+00:00","og_image":[{"width":794,"height":1123,"url":"https:\/\/fondazionerezza.it\/wp-content\/uploads\/2026\/03\/Fondazione-Rezza.jpg","type":"image\/jpeg"}],"author":"Gabriele","twitter_card":"summary_large_image","twitter_misc":{"Written by":"Gabriele","Est. reading time":"3 minutes"},"schema":{"@context":"https:\/\/schema.org","@graph":[{"@type":"WebPage","@id":"https:\/\/fondazionerezza.it\/fondazione-rezza-e-la-casa-editrice-appunti-di-viaggio\/","url":"https:\/\/fondazionerezza.it\/fondazione-rezza-e-la-casa-editrice-appunti-di-viaggio\/","name":"Fondazione Rezza e la Casa Editrice \"Appunti di Viaggio\" - Fondazione Rezza Pro Cultura et Caritate","isPartOf":{"@id":"https:\/\/fondazionerezza.it\/#website"},"primaryImageOfPage":{"@id":"https:\/\/fondazionerezza.it\/fondazione-rezza-e-la-casa-editrice-appunti-di-viaggio\/#primaryimage"},"image":{"@id":"https:\/\/fondazionerezza.it\/fondazione-rezza-e-la-casa-editrice-appunti-di-viaggio\/#primaryimage"},"thumbnailUrl":"https:\/\/fondazionerezza.it\/wp-content\/uploads\/2026\/03\/Fondazione-Rezza.jpg","datePublished":"2026-02-20T17:20:45+00:00","dateModified":"2026-03-16T17:22:54+00:00","author":{"@id":"https:\/\/fondazionerezza.it\/#\/schema\/person\/78e9e3caf358a79f7796e45f1349a4c4"},"breadcrumb":{"@id":"https:\/\/fondazionerezza.it\/fondazione-rezza-e-la-casa-editrice-appunti-di-viaggio\/#breadcrumb"},"inLanguage":"en-US","potentialAction":[{"@type":"ReadAction","target":["https:\/\/fondazionerezza.it\/fondazione-rezza-e-la-casa-editrice-appunti-di-viaggio\/"]}]},{"@type":"ImageObject","inLanguage":"en-US","@id":"https:\/\/fondazionerezza.it\/fondazione-rezza-e-la-casa-editrice-appunti-di-viaggio\/#primaryimage","url":"https:\/\/fondazionerezza.it\/wp-content\/uploads\/2026\/03\/Fondazione-Rezza.jpg","contentUrl":"https:\/\/fondazionerezza.it\/wp-content\/uploads\/2026\/03\/Fondazione-Rezza.jpg","width":794,"height":1123},{"@type":"BreadcrumbList","@id":"https:\/\/fondazionerezza.it\/fondazione-rezza-e-la-casa-editrice-appunti-di-viaggio\/#breadcrumb","itemListElement":[{"@type":"ListItem","position":1,"name":"Home","item":"https:\/\/fondazionerezza.it\/"},{"@type":"ListItem","position":2,"name":"Fondazione Rezza e la Casa Editrice &#8220;Appunti di Viaggio&#8221;"}]},{"@type":"WebSite","@id":"https:\/\/fondazionerezza.it\/#website","url":"https:\/\/fondazionerezza.it\/","name":"Rezza Foundation - Pro Cultura et Caritate","description":"We promote culture and charity for the common good","potentialAction":[{"@type":"SearchAction","target":{"@type":"EntryPoint","urlTemplate":"https:\/\/fondazionerezza.it\/?s={search_term_string}"},"query-input":{"@type":"PropertyValueSpecification","valueRequired":true,"valueName":"search_term_string"}}],"inLanguage":"en-US"},{"@type":"Person","@id":"https:\/\/fondazionerezza.it\/#\/schema\/person\/78e9e3caf358a79f7796e45f1349a4c4","name":"Gabriele","image":{"@type":"ImageObject","inLanguage":"en-US","@id":"https:\/\/fondazionerezza.it\/#\/schema\/person\/image\/","url":"https:\/\/secure.gravatar.com\/avatar\/39a6358c5a5ee772f51b11a850838ceb1033ab6288f087dd870f335f945da9a9?s=96&d=mm&r=g","contentUrl":"https:\/\/secure.gravatar.com\/avatar\/39a6358c5a5ee772f51b11a850838ceb1033ab6288f087dd870f335f945da9a9?s=96&d=mm&r=g","caption":"Gabriele"},"sameAs":["https:\/\/fondazionerezza.it"],"url":"https:\/\/fondazionerezza.it\/en\/author\/xakifihame8615\/"}]}},"_links":{"self":[{"href":"https:\/\/fondazionerezza.it\/en\/wp-json\/wp\/v2\/posts\/40587","targetHints":{"allow":["GET"]}}],"collection":[{"href":"https:\/\/fondazionerezza.it\/en\/wp-json\/wp\/v2\/posts"}],"about":[{"href":"https:\/\/fondazionerezza.it\/en\/wp-json\/wp\/v2\/types\/post"}],"author":[{"embeddable":true,"href":"https:\/\/fondazionerezza.it\/en\/wp-json\/wp\/v2\/users\/1"}],"replies":[{"embeddable":true,"href":"https:\/\/fondazionerezza.it\/en\/wp-json\/wp\/v2\/comments?post=40587"}],"version-history":[{"count":2,"href":"https:\/\/fondazionerezza.it\/en\/wp-json\/wp\/v2\/posts\/40587\/revisions"}],"predecessor-version":[{"id":40590,"href":"https:\/\/fondazionerezza.it\/en\/wp-json\/wp\/v2\/posts\/40587\/revisions\/40590"}],"wp:featuredmedia":[{"embeddable":true,"href":"https:\/\/fondazionerezza.it\/en\/wp-json\/wp\/v2\/media\/40588"}],"wp:attachment":[{"href":"https:\/\/fondazionerezza.it\/en\/wp-json\/wp\/v2\/media?parent=40587"}],"wp:term":[{"taxonomy":"category","embeddable":true,"href":"https:\/\/fondazionerezza.it\/en\/wp-json\/wp\/v2\/categories?post=40587"},{"taxonomy":"post_tag","embeddable":true,"href":"https:\/\/fondazionerezza.it\/en\/wp-json\/wp\/v2\/tags?post=40587"}],"curies":[{"name":"wp","href":"https:\/\/api.w.org\/{rel}","templated":true}]}}