{"id":40536,"date":"2025-07-27T10:12:02","date_gmt":"2025-07-27T10:12:02","guid":{"rendered":"https:\/\/fondazionerezza.it\/?p=40536"},"modified":"2025-08-19T10:12:28","modified_gmt":"2025-08-19T10:12:28","slug":"roberto-capucci-un-autore-rinascimentale-del-contemporaneo","status":"publish","type":"post","link":"https:\/\/fondazionerezza.it\/en\/roberto-capucci-un-autore-rinascimentale-del-contemporaneo\/","title":{"rendered":"Roberto Capucci: un autore rinascimentale del contemporaneo"},"content":{"rendered":"<ol>\n<li><strong> Capucci come \u201crinascimentale fuori tempo\u201d<\/strong><\/li>\n<\/ol>\n<p>Se il Rinascimento \u00e8 stato il momento in cui l\u2019uomo ha ricercato una nuova armonia tra la misura della ragione, la potenza della tecnica e il mistero del divino, Roberto Capucci pu\u00f2 essere letto come un prosecutore diretto di questa stagione. Non stilista n\u00e9 semplice couturier, ma \u201ccreatore di forme\u201d, egli riprende l\u2019impulso rinascimentale per coniugarlo in chiave contemporanea: tensione verso l\u2019assolutezza della bellezza, dignit\u00e0 teologica dell\u2019arte, dialogo eterno tra materia e spirito.<br \/>\nCome Brunelleschi ordinava la geometria per aprire finestre sull\u2019infinito, o come Leonardo traduceva nella pittura il nesso tra scienza e spiritualit\u00e0, Capucci organizza la stoffa in architettura vivente, pone il colore come veicolo di trascendenza, e fa dell\u2019abito non ornamento, ma epifania.<\/p>\n<ol start=\"2\">\n<li><strong> Teologia della forma e del colore<\/strong><\/li>\n<\/ol>\n<p>Il nucleo del suo lavoro \u00e8 una\u00a0<strong>teologia della stoffa<\/strong>: il tessuto, piegato, disposto, sovrapposto in ritmi e volumi, diventa sacramento visibile dell\u2019invisibile. Nella sua ricerca il colore non \u00e8 decorazione ma sostanza, simile al \u201clume\u201d di Beato Angelico o alle campiture di Giotto, che rivelano un altro mondo dietro alle superfici. Capucci reinventa il linguaggio cromatico come vibrazione metafisica: il rosso evocazione del sacrificio, l\u2019oro proiezione dell\u2019eterno, il bianco segno della Grazia.<br \/>\nIn questo senso i suoi \u201cabiti-scultura\u201d equivalgono a pale d\u2019altare o a cicli pittorici: non vestono un corpo, ma incarnano un\u2019idea, un concetto, una rivelazione.<\/p>\n<ol start=\"3\">\n<li><strong> Maria come principio noetico e paradigma del fiat<\/strong><\/li>\n<\/ol>\n<p>La mostra alla Chiesa di Santa Maria Annunziata sottolinea il filo rosso mariano che attraversa l\u2019opera capucciana. Maria \u00e8 qui principio: non solo icona di dolcezza, ma centro teologico e noetico, \u201cluogo\u201d dell\u2019Incarnazione, archetipo di accoglienza del trascendente.<br \/>\nCapucci, come i pittori dell\u2019Annunciazione da Simone Martini a Leonardo, si misura con l\u2019evento che segna il dialogo pi\u00f9 alto tra umano e divino. Ma egli non lo racconta per figura: lo evoca con forme che avvolgono lo spazio, con tessuti che diventano \u201cfiat\u201d scolpito, gesto visibile di un\u2019accoglienza libera e totale. Cos\u00ec l\u2019abito diventa \u201cicona vivente\u201d, \u201cteofania indossabile\u201d.<\/p>\n<ol start=\"4\">\n<li><strong> Tra passato e presente: continuit\u00e0 delle epoche<\/strong><\/li>\n<\/ol>\n<p>Capucci si situa come\u00a0<strong>ponte tra tradizione e modernit\u00e0<\/strong>, proprio come il Rinascimento era ponte tra Medioevo e modernit\u00e0. Egli dialoga implicitamente con Antoniazzo Romano, con Massarotti, con i maestri fiorentini, reinventandone i linguaggi. Se il Rinascimento aveva cercato di armonizzare l\u2019eredit\u00e0 classica con la visione cristiana, Capucci armonizza la memoria iconografica della sacralit\u00e0 con la sensibilit\u00e0 estetica contemporanea.<br \/>\nIn ci\u00f2, egli mostra che l\u2019arte sacra non \u00e8 \u201cstile\u201d n\u00e9 \u201ctempo\u201d, ma tensione inesauribile: \u00e8 sempre rinascita, sempre ritorno all\u2019archetipo della creazione come atto teofanico.<\/p>\n<ol start=\"5\">\n<li><strong> L\u2019abito come liturgia e contemplazione<\/strong><\/li>\n<\/ol>\n<p>In Capucci ogni creazione si trasforma in\u00a0<strong>rito visivo<\/strong>: non solo oggetto estetico, ma partecipazione liturgica. Il visitatore di fronte ai suoi abiti vive un percorso simile alla contemplazione di un affresco rinascimentale in una cappella: gli occhi, il cuore e la mente si unificano.<br \/>\nL\u2019opera diventa liturgia della forma, atto di comunione tra chi guarda e ci\u00f2 che sta oltre: il Mistero.<br \/>\n\u00c8 lo stesso statuto che aveva l\u2019arte nelle basiliche rinascimentali \u2013 non illustrazione, ma teologia per immagini, \u201cpredicazione di luce e colore\u201d.<\/p>\n<ol start=\"6\">\n<li><strong> Capucci come ultimo testimone del Rinascimento<\/strong><\/li>\n<\/ol>\n<p>Leggere Capucci come \u201cautore rinascimentale\u201d significa riconoscere che la sua opera, apparentemente mondana perch\u00e9 legata al mondo della moda, si rivela in realt\u00e0 come nuova epifania del sacro. Come i maestri del Quattrocento, egli pone al centro la\u00a0<strong>tensione verso il divino<\/strong>, facendo del visibile un varco verso l\u2019invisibile.<br \/>\nLa sua creativit\u00e0 non \u00e8 fuga dall\u2019umano ma elevazione dell\u2019umano verso il trascendente.<br \/>\nIn questo senso Capucci non \u00e8 solo contemporaneo: \u00e8 l\u2019ultimo anello di una lunga catena che, da Giotto a Michelangelo, da Raffaello a Beato Angelico, continua a testimoniarci che\u00a0<strong>la bellezza \u00e8 via alla verit\u00e0, e l\u2019arte autentica \u00e8 sempre anelito alla Grazia<\/strong>.<\/p>","protected":false},"excerpt":{"rendered":"<p>La tensione al divino come matrice della forma (un vademecum a cura di Michele Tarroni)<\/p>","protected":false},"author":1,"featured_media":40537,"comment_status":"closed","ping_status":"closed","sticky":false,"template":"","format":"standard","meta":{"_acf_changed":false,"inline_featured_image":false,"footnotes":""},"categories":[65],"tags":[],"class_list":["post-40536","post","type-post","status-publish","format-standard","has-post-thumbnail","hentry","category-articoli"],"acf":[],"yoast_head":"<!-- This site is optimized with the Yoast SEO plugin v26.2 - https:\/\/yoast.com\/wordpress\/plugins\/seo\/ -->\n<title>Roberto Capucci: un autore rinascimentale del contemporaneo - Fondazione Rezza Pro Cultura et Caritate<\/title>\n<meta name=\"robots\" content=\"index, follow, max-snippet:-1, max-image-preview:large, max-video-preview:-1\" \/>\n<link rel=\"canonical\" href=\"https:\/\/fondazionerezza.it\/en\/roberto-capucci-un-autore-rinascimentale-del-contemporaneo\/\" \/>\n<meta property=\"og:locale\" content=\"en_US\" \/>\n<meta property=\"og:type\" content=\"article\" \/>\n<meta property=\"og:title\" content=\"Roberto Capucci: un autore rinascimentale del contemporaneo - Fondazione Rezza Pro Cultura et Caritate\" \/>\n<meta property=\"og:description\" content=\"La tensione al divino come matrice della forma (un vademecum a cura di Michele Tarroni)\" \/>\n<meta property=\"og:url\" content=\"https:\/\/fondazionerezza.it\/en\/roberto-capucci-un-autore-rinascimentale-del-contemporaneo\/\" \/>\n<meta property=\"og:site_name\" content=\"Fondazione Rezza Pro Cultura et Caritate\" \/>\n<meta property=\"article:published_time\" content=\"2025-07-27T10:12:02+00:00\" \/>\n<meta property=\"article:modified_time\" content=\"2025-08-19T10:12:28+00:00\" \/>\n<meta property=\"og:image\" content=\"https:\/\/fondazionerezza.it\/wp-content\/uploads\/2025\/08\/Capucci-al-lavoro-sull.jpg\" \/>\n\t<meta property=\"og:image:width\" content=\"768\" \/>\n\t<meta property=\"og:image:height\" content=\"1024\" \/>\n\t<meta property=\"og:image:type\" content=\"image\/jpeg\" \/>\n<meta name=\"author\" content=\"Gabriele\" \/>\n<meta name=\"twitter:card\" content=\"summary_large_image\" \/>\n<meta name=\"twitter:label1\" content=\"Written by\" \/>\n\t<meta name=\"twitter:data1\" content=\"Gabriele\" \/>\n\t<meta name=\"twitter:label2\" content=\"Est. reading time\" \/>\n\t<meta name=\"twitter:data2\" content=\"4 minutes\" \/>\n<script type=\"application\/ld+json\" class=\"yoast-schema-graph\">{\"@context\":\"https:\/\/schema.org\",\"@graph\":[{\"@type\":\"WebPage\",\"@id\":\"https:\/\/fondazionerezza.it\/roberto-capucci-un-autore-rinascimentale-del-contemporaneo\/\",\"url\":\"https:\/\/fondazionerezza.it\/roberto-capucci-un-autore-rinascimentale-del-contemporaneo\/\",\"name\":\"Roberto Capucci: un autore rinascimentale del contemporaneo - Fondazione Rezza Pro Cultura et Caritate\",\"isPartOf\":{\"@id\":\"https:\/\/fondazionerezza.it\/#website\"},\"primaryImageOfPage\":{\"@id\":\"https:\/\/fondazionerezza.it\/roberto-capucci-un-autore-rinascimentale-del-contemporaneo\/#primaryimage\"},\"image\":{\"@id\":\"https:\/\/fondazionerezza.it\/roberto-capucci-un-autore-rinascimentale-del-contemporaneo\/#primaryimage\"},\"thumbnailUrl\":\"https:\/\/fondazionerezza.it\/wp-content\/uploads\/2025\/08\/Capucci-al-lavoro-sull.jpg\",\"datePublished\":\"2025-07-27T10:12:02+00:00\",\"dateModified\":\"2025-08-19T10:12:28+00:00\",\"author\":{\"@id\":\"https:\/\/fondazionerezza.it\/#\/schema\/person\/78e9e3caf358a79f7796e45f1349a4c4\"},\"breadcrumb\":{\"@id\":\"https:\/\/fondazionerezza.it\/roberto-capucci-un-autore-rinascimentale-del-contemporaneo\/#breadcrumb\"},\"inLanguage\":\"en-US\",\"potentialAction\":[{\"@type\":\"ReadAction\",\"target\":[\"https:\/\/fondazionerezza.it\/roberto-capucci-un-autore-rinascimentale-del-contemporaneo\/\"]}]},{\"@type\":\"ImageObject\",\"inLanguage\":\"en-US\",\"@id\":\"https:\/\/fondazionerezza.it\/roberto-capucci-un-autore-rinascimentale-del-contemporaneo\/#primaryimage\",\"url\":\"https:\/\/fondazionerezza.it\/wp-content\/uploads\/2025\/08\/Capucci-al-lavoro-sull.jpg\",\"contentUrl\":\"https:\/\/fondazionerezza.it\/wp-content\/uploads\/2025\/08\/Capucci-al-lavoro-sull.jpg\",\"width\":768,\"height\":1024},{\"@type\":\"BreadcrumbList\",\"@id\":\"https:\/\/fondazionerezza.it\/roberto-capucci-un-autore-rinascimentale-del-contemporaneo\/#breadcrumb\",\"itemListElement\":[{\"@type\":\"ListItem\",\"position\":1,\"name\":\"Home\",\"item\":\"https:\/\/fondazionerezza.it\/\"},{\"@type\":\"ListItem\",\"position\":2,\"name\":\"Roberto Capucci: un autore rinascimentale del contemporaneo\"}]},{\"@type\":\"WebSite\",\"@id\":\"https:\/\/fondazionerezza.it\/#website\",\"url\":\"https:\/\/fondazionerezza.it\/\",\"name\":\"Fondazione Rezza Pro Cultura et Caritate\",\"description\":\"Promuoviamo cultura e carit\u00e0 per il bene comune\",\"potentialAction\":[{\"@type\":\"SearchAction\",\"target\":{\"@type\":\"EntryPoint\",\"urlTemplate\":\"https:\/\/fondazionerezza.it\/?s={search_term_string}\"},\"query-input\":{\"@type\":\"PropertyValueSpecification\",\"valueRequired\":true,\"valueName\":\"search_term_string\"}}],\"inLanguage\":\"en-US\"},{\"@type\":\"Person\",\"@id\":\"https:\/\/fondazionerezza.it\/#\/schema\/person\/78e9e3caf358a79f7796e45f1349a4c4\",\"name\":\"Gabriele\",\"image\":{\"@type\":\"ImageObject\",\"inLanguage\":\"en-US\",\"@id\":\"https:\/\/fondazionerezza.it\/#\/schema\/person\/image\/\",\"url\":\"https:\/\/secure.gravatar.com\/avatar\/39a6358c5a5ee772f51b11a850838ceb1033ab6288f087dd870f335f945da9a9?s=96&d=mm&r=g\",\"contentUrl\":\"https:\/\/secure.gravatar.com\/avatar\/39a6358c5a5ee772f51b11a850838ceb1033ab6288f087dd870f335f945da9a9?s=96&d=mm&r=g\",\"caption\":\"Gabriele\"},\"sameAs\":[\"https:\/\/fondazionerezza.it\"],\"url\":\"https:\/\/fondazionerezza.it\/en\/author\/xakifihame8615\/\"}]}<\/script>\n<!-- \/ Yoast SEO plugin. -->","yoast_head_json":{"title":"Roberto Capucci: un autore rinascimentale del contemporaneo - Fondazione Rezza Pro Cultura et Caritate","robots":{"index":"index","follow":"follow","max-snippet":"max-snippet:-1","max-image-preview":"max-image-preview:large","max-video-preview":"max-video-preview:-1"},"canonical":"https:\/\/fondazionerezza.it\/en\/roberto-capucci-un-autore-rinascimentale-del-contemporaneo\/","og_locale":"en_US","og_type":"article","og_title":"Roberto Capucci: un autore rinascimentale del contemporaneo - Fondazione Rezza Pro Cultura et Caritate","og_description":"La tensione al divino come matrice della forma (un vademecum a cura di Michele Tarroni)","og_url":"https:\/\/fondazionerezza.it\/en\/roberto-capucci-un-autore-rinascimentale-del-contemporaneo\/","og_site_name":"Fondazione Rezza Pro Cultura et Caritate","article_published_time":"2025-07-27T10:12:02+00:00","article_modified_time":"2025-08-19T10:12:28+00:00","og_image":[{"width":768,"height":1024,"url":"https:\/\/fondazionerezza.it\/wp-content\/uploads\/2025\/08\/Capucci-al-lavoro-sull.jpg","type":"image\/jpeg"}],"author":"Gabriele","twitter_card":"summary_large_image","twitter_misc":{"Written by":"Gabriele","Est. reading time":"4 minutes"},"schema":{"@context":"https:\/\/schema.org","@graph":[{"@type":"WebPage","@id":"https:\/\/fondazionerezza.it\/roberto-capucci-un-autore-rinascimentale-del-contemporaneo\/","url":"https:\/\/fondazionerezza.it\/roberto-capucci-un-autore-rinascimentale-del-contemporaneo\/","name":"Roberto Capucci: un autore rinascimentale del contemporaneo - Fondazione Rezza Pro Cultura et Caritate","isPartOf":{"@id":"https:\/\/fondazionerezza.it\/#website"},"primaryImageOfPage":{"@id":"https:\/\/fondazionerezza.it\/roberto-capucci-un-autore-rinascimentale-del-contemporaneo\/#primaryimage"},"image":{"@id":"https:\/\/fondazionerezza.it\/roberto-capucci-un-autore-rinascimentale-del-contemporaneo\/#primaryimage"},"thumbnailUrl":"https:\/\/fondazionerezza.it\/wp-content\/uploads\/2025\/08\/Capucci-al-lavoro-sull.jpg","datePublished":"2025-07-27T10:12:02+00:00","dateModified":"2025-08-19T10:12:28+00:00","author":{"@id":"https:\/\/fondazionerezza.it\/#\/schema\/person\/78e9e3caf358a79f7796e45f1349a4c4"},"breadcrumb":{"@id":"https:\/\/fondazionerezza.it\/roberto-capucci-un-autore-rinascimentale-del-contemporaneo\/#breadcrumb"},"inLanguage":"en-US","potentialAction":[{"@type":"ReadAction","target":["https:\/\/fondazionerezza.it\/roberto-capucci-un-autore-rinascimentale-del-contemporaneo\/"]}]},{"@type":"ImageObject","inLanguage":"en-US","@id":"https:\/\/fondazionerezza.it\/roberto-capucci-un-autore-rinascimentale-del-contemporaneo\/#primaryimage","url":"https:\/\/fondazionerezza.it\/wp-content\/uploads\/2025\/08\/Capucci-al-lavoro-sull.jpg","contentUrl":"https:\/\/fondazionerezza.it\/wp-content\/uploads\/2025\/08\/Capucci-al-lavoro-sull.jpg","width":768,"height":1024},{"@type":"BreadcrumbList","@id":"https:\/\/fondazionerezza.it\/roberto-capucci-un-autore-rinascimentale-del-contemporaneo\/#breadcrumb","itemListElement":[{"@type":"ListItem","position":1,"name":"Home","item":"https:\/\/fondazionerezza.it\/"},{"@type":"ListItem","position":2,"name":"Roberto Capucci: un autore rinascimentale del contemporaneo"}]},{"@type":"WebSite","@id":"https:\/\/fondazionerezza.it\/#website","url":"https:\/\/fondazionerezza.it\/","name":"Rezza Foundation - Pro Cultura et Caritate","description":"We promote culture and charity for the common good","potentialAction":[{"@type":"SearchAction","target":{"@type":"EntryPoint","urlTemplate":"https:\/\/fondazionerezza.it\/?s={search_term_string}"},"query-input":{"@type":"PropertyValueSpecification","valueRequired":true,"valueName":"search_term_string"}}],"inLanguage":"en-US"},{"@type":"Person","@id":"https:\/\/fondazionerezza.it\/#\/schema\/person\/78e9e3caf358a79f7796e45f1349a4c4","name":"Gabriele","image":{"@type":"ImageObject","inLanguage":"en-US","@id":"https:\/\/fondazionerezza.it\/#\/schema\/person\/image\/","url":"https:\/\/secure.gravatar.com\/avatar\/39a6358c5a5ee772f51b11a850838ceb1033ab6288f087dd870f335f945da9a9?s=96&d=mm&r=g","contentUrl":"https:\/\/secure.gravatar.com\/avatar\/39a6358c5a5ee772f51b11a850838ceb1033ab6288f087dd870f335f945da9a9?s=96&d=mm&r=g","caption":"Gabriele"},"sameAs":["https:\/\/fondazionerezza.it"],"url":"https:\/\/fondazionerezza.it\/en\/author\/xakifihame8615\/"}]}},"_links":{"self":[{"href":"https:\/\/fondazionerezza.it\/en\/wp-json\/wp\/v2\/posts\/40536","targetHints":{"allow":["GET"]}}],"collection":[{"href":"https:\/\/fondazionerezza.it\/en\/wp-json\/wp\/v2\/posts"}],"about":[{"href":"https:\/\/fondazionerezza.it\/en\/wp-json\/wp\/v2\/types\/post"}],"author":[{"embeddable":true,"href":"https:\/\/fondazionerezza.it\/en\/wp-json\/wp\/v2\/users\/1"}],"replies":[{"embeddable":true,"href":"https:\/\/fondazionerezza.it\/en\/wp-json\/wp\/v2\/comments?post=40536"}],"version-history":[{"count":1,"href":"https:\/\/fondazionerezza.it\/en\/wp-json\/wp\/v2\/posts\/40536\/revisions"}],"predecessor-version":[{"id":40538,"href":"https:\/\/fondazionerezza.it\/en\/wp-json\/wp\/v2\/posts\/40536\/revisions\/40538"}],"wp:featuredmedia":[{"embeddable":true,"href":"https:\/\/fondazionerezza.it\/en\/wp-json\/wp\/v2\/media\/40537"}],"wp:attachment":[{"href":"https:\/\/fondazionerezza.it\/en\/wp-json\/wp\/v2\/media?parent=40536"}],"wp:term":[{"taxonomy":"category","embeddable":true,"href":"https:\/\/fondazionerezza.it\/en\/wp-json\/wp\/v2\/categories?post=40536"},{"taxonomy":"post_tag","embeddable":true,"href":"https:\/\/fondazionerezza.it\/en\/wp-json\/wp\/v2\/tags?post=40536"}],"curies":[{"name":"wp","href":"https:\/\/api.w.org\/{rel}","templated":true}]}}