{"id":40427,"date":"2025-05-20T12:37:18","date_gmt":"2025-05-20T12:37:18","guid":{"rendered":"https:\/\/fondazionerezza.it\/?p=40427"},"modified":"2025-05-20T12:41:25","modified_gmt":"2025-05-20T12:41:25","slug":"comunicato-ufficiale-20-maggio-2025","status":"publish","type":"post","link":"https:\/\/fondazionerezza.it\/en\/comunicato-ufficiale-20-maggio-2025\/","title":{"rendered":"Comunicato ufficiale"},"content":{"rendered":"<p>Citt\u00e0 del Vaticano &#8211; 20 maggio 2025<\/p>\n<p>Cari amici, cari sostenitori della Fondazione Rezza Pro Cultura et Caritate,<br \/>\nCon profonda riverenza e nel conforto della preghiera, debbo comunicarvi che questa mattina, alle ore 4:00, Mons. Dario Rezza, il nostro amato fondatore, ha fatto ritorno alla casa del Padre. Questo passaggio, interpretato nella luce della fede e della speranza cristiana, ci ricorda che la vita terrena si conclude per far spazio alla gloria eterna e alla pace celeste che solo il Signore pu\u00f2 donare.<br \/>\nMons. Dario ha tracciato con il proprio esempio un cammino di dedizione alla cultura, alla carit\u00e0 e alla fede. La sua instancabile opera ha saputo illuminare i cuori e le menti di chi ha avuto il privilegio di conoscerlo, lasciando un\u2019eredit\u00e0 che continua a ispirare il nostro impegno quotidiano. La sua missione, fondata sull\u2019amore incondizionato per il prossimo e sul servizio alla comunit\u00e0, sar\u00e0 per sempre il faro che guider\u00e0 le nostre future iniziative.<br \/>\nIn questo momento di intensa emozione, vi invito a unirvi in preghiera per l\u2019anima di Mons. Dario Rezza, affinch\u00e9 il Signore lo accolga nella visione beatifica, dove la luce divina non conosce confini. Siamo certi che il suo spirito continuer\u00e0 a rimanere vivo nei nostri cuori, guidandoci con amore e determinazione nel percorso che lui stesso ha tracciato per tutti noi.<br \/>\nInvitiamo tutti coloro che desiderano rendere omaggio alla memoria di Mons. Rezza, a partecipare alle esequie che avranno luogo questo gioved\u00ec 22 alle ore 11:00 presso la Basilica di San Pietro in Vaticano. Al termine della funzione, le spoglie mortali di Mons. Dario troveranno dimora eterna presso il cimitero di Balsorano.<br \/>\nCon affetto fraterno e nella fiducia incrollabile nella misericordia del Signore,<\/p>\n<p>Mons. Jean-Marie Gervais<br \/>\nPresident<br \/>\nRezza Foundation - Pro Cultura et Caritate<\/p>","protected":false},"excerpt":{"rendered":"<p>Citt\u00e0 del Vaticano, 20 maggio 2025  \u2013 Cari amici, cari sostenitori della Fondazione Rezza Pro Cultura et Caritate,<br \/>\nCon profonda riverenza e nel conforto della preghiera, debbo comunicarvi che questa mattina, alle ore 4:00, Mons. Dario Rezza, il nostro amato fondatore, ha fatto ritorno alla casa del Padre. Q<\/p>","protected":false},"author":1,"featured_media":40428,"comment_status":"closed","ping_status":"closed","sticky":false,"template":"","format":"standard","meta":{"_acf_changed":false,"inline_featured_image":false,"footnotes":""},"categories":[26],"tags":[],"class_list":["post-40427","post","type-post","status-publish","format-standard","has-post-thumbnail","hentry","category-notizie"],"acf":[],"yoast_head":"<!-- This site is optimized with the Yoast SEO plugin v26.2 - https:\/\/yoast.com\/wordpress\/plugins\/seo\/ -->\n<title>Comunicato ufficiale - Fondazione Rezza Pro Cultura et Caritate<\/title>\n<meta name=\"robots\" content=\"index, follow, max-snippet:-1, max-image-preview:large, max-video-preview:-1\" \/>\n<link rel=\"canonical\" href=\"https:\/\/fondazionerezza.it\/en\/comunicato-ufficiale-20-maggio-2025\/\" \/>\n<meta property=\"og:locale\" content=\"en_US\" \/>\n<meta property=\"og:type\" content=\"article\" \/>\n<meta property=\"og:title\" content=\"Comunicato ufficiale - Fondazione Rezza Pro Cultura et Caritate\" \/>\n<meta property=\"og:description\" content=\"Citt\u00e0 del Vaticano, 20 maggio 2025 \u2013 Cari amici, cari sostenitori della Fondazione Rezza Pro Cultura et Caritate, Con profonda riverenza e nel conforto della preghiera, debbo comunicarvi che questa mattina, alle ore 4:00, Mons. Dario Rezza, il nostro amato fondatore, ha fatto ritorno alla casa del Padre. Q\" \/>\n<meta property=\"og:url\" content=\"https:\/\/fondazionerezza.it\/en\/comunicato-ufficiale-20-maggio-2025\/\" \/>\n<meta property=\"og:site_name\" content=\"Fondazione Rezza Pro Cultura et Caritate\" \/>\n<meta property=\"article:published_time\" content=\"2025-05-20T12:37:18+00:00\" \/>\n<meta property=\"article:modified_time\" content=\"2025-05-20T12:41:25+00:00\" \/>\n<meta property=\"og:image\" content=\"https:\/\/fondazionerezza.it\/wp-content\/uploads\/2025\/05\/mons._dario_rezza-1.jpg\" \/>\n\t<meta property=\"og:image:width\" content=\"1000\" \/>\n\t<meta property=\"og:image:height\" content=\"1000\" \/>\n\t<meta property=\"og:image:type\" content=\"image\/jpeg\" \/>\n<meta name=\"author\" content=\"Gabriele\" \/>\n<meta name=\"twitter:card\" content=\"summary_large_image\" \/>\n<meta name=\"twitter:label1\" content=\"Written by\" \/>\n\t<meta name=\"twitter:data1\" content=\"Gabriele\" \/>\n\t<meta name=\"twitter:label2\" content=\"Est. reading time\" \/>\n\t<meta name=\"twitter:data2\" content=\"2 minutes\" \/>\n<script type=\"application\/ld+json\" class=\"yoast-schema-graph\">{\"@context\":\"https:\/\/schema.org\",\"@graph\":[{\"@type\":\"WebPage\",\"@id\":\"https:\/\/fondazionerezza.it\/comunicato-ufficiale-20-maggio-2025\/\",\"url\":\"https:\/\/fondazionerezza.it\/comunicato-ufficiale-20-maggio-2025\/\",\"name\":\"Comunicato ufficiale - Fondazione Rezza Pro Cultura et Caritate\",\"isPartOf\":{\"@id\":\"https:\/\/fondazionerezza.it\/#website\"},\"primaryImageOfPage\":{\"@id\":\"https:\/\/fondazionerezza.it\/comunicato-ufficiale-20-maggio-2025\/#primaryimage\"},\"image\":{\"@id\":\"https:\/\/fondazionerezza.it\/comunicato-ufficiale-20-maggio-2025\/#primaryimage\"},\"thumbnailUrl\":\"https:\/\/fondazionerezza.it\/wp-content\/uploads\/2025\/05\/mons._dario_rezza-1.jpg\",\"datePublished\":\"2025-05-20T12:37:18+00:00\",\"dateModified\":\"2025-05-20T12:41:25+00:00\",\"author\":{\"@id\":\"https:\/\/fondazionerezza.it\/#\/schema\/person\/78e9e3caf358a79f7796e45f1349a4c4\"},\"breadcrumb\":{\"@id\":\"https:\/\/fondazionerezza.it\/comunicato-ufficiale-20-maggio-2025\/#breadcrumb\"},\"inLanguage\":\"en-US\",\"potentialAction\":[{\"@type\":\"ReadAction\",\"target\":[\"https:\/\/fondazionerezza.it\/comunicato-ufficiale-20-maggio-2025\/\"]}]},{\"@type\":\"ImageObject\",\"inLanguage\":\"en-US\",\"@id\":\"https:\/\/fondazionerezza.it\/comunicato-ufficiale-20-maggio-2025\/#primaryimage\",\"url\":\"https:\/\/fondazionerezza.it\/wp-content\/uploads\/2025\/05\/mons._dario_rezza-1.jpg\",\"contentUrl\":\"https:\/\/fondazionerezza.it\/wp-content\/uploads\/2025\/05\/mons._dario_rezza-1.jpg\",\"width\":1000,\"height\":1000,\"caption\":\"dario rezza\"},{\"@type\":\"BreadcrumbList\",\"@id\":\"https:\/\/fondazionerezza.it\/comunicato-ufficiale-20-maggio-2025\/#breadcrumb\",\"itemListElement\":[{\"@type\":\"ListItem\",\"position\":1,\"name\":\"Home\",\"item\":\"https:\/\/fondazionerezza.it\/\"},{\"@type\":\"ListItem\",\"position\":2,\"name\":\"Comunicato ufficiale\"}]},{\"@type\":\"WebSite\",\"@id\":\"https:\/\/fondazionerezza.it\/#website\",\"url\":\"https:\/\/fondazionerezza.it\/\",\"name\":\"Fondazione Rezza Pro Cultura et Caritate\",\"description\":\"Promuoviamo cultura e carit\u00e0 per il bene comune\",\"potentialAction\":[{\"@type\":\"SearchAction\",\"target\":{\"@type\":\"EntryPoint\",\"urlTemplate\":\"https:\/\/fondazionerezza.it\/?s={search_term_string}\"},\"query-input\":{\"@type\":\"PropertyValueSpecification\",\"valueRequired\":true,\"valueName\":\"search_term_string\"}}],\"inLanguage\":\"en-US\"},{\"@type\":\"Person\",\"@id\":\"https:\/\/fondazionerezza.it\/#\/schema\/person\/78e9e3caf358a79f7796e45f1349a4c4\",\"name\":\"Gabriele\",\"image\":{\"@type\":\"ImageObject\",\"inLanguage\":\"en-US\",\"@id\":\"https:\/\/fondazionerezza.it\/#\/schema\/person\/image\/\",\"url\":\"https:\/\/secure.gravatar.com\/avatar\/39a6358c5a5ee772f51b11a850838ceb1033ab6288f087dd870f335f945da9a9?s=96&d=mm&r=g\",\"contentUrl\":\"https:\/\/secure.gravatar.com\/avatar\/39a6358c5a5ee772f51b11a850838ceb1033ab6288f087dd870f335f945da9a9?s=96&d=mm&r=g\",\"caption\":\"Gabriele\"},\"sameAs\":[\"https:\/\/fondazionerezza.it\"],\"url\":\"https:\/\/fondazionerezza.it\/en\/author\/xakifihame8615\/\"}]}<\/script>\n<!-- \/ Yoast SEO plugin. -->","yoast_head_json":{"title":"Comunicato ufficiale - Fondazione Rezza Pro Cultura et Caritate","robots":{"index":"index","follow":"follow","max-snippet":"max-snippet:-1","max-image-preview":"max-image-preview:large","max-video-preview":"max-video-preview:-1"},"canonical":"https:\/\/fondazionerezza.it\/en\/comunicato-ufficiale-20-maggio-2025\/","og_locale":"en_US","og_type":"article","og_title":"Comunicato ufficiale - Fondazione Rezza Pro Cultura et Caritate","og_description":"Citt\u00e0 del Vaticano, 20 maggio 2025 \u2013 Cari amici, cari sostenitori della Fondazione Rezza Pro Cultura et Caritate, Con profonda riverenza e nel conforto della preghiera, debbo comunicarvi che questa mattina, alle ore 4:00, Mons. Dario Rezza, il nostro amato fondatore, ha fatto ritorno alla casa del Padre. Q","og_url":"https:\/\/fondazionerezza.it\/en\/comunicato-ufficiale-20-maggio-2025\/","og_site_name":"Fondazione Rezza Pro Cultura et Caritate","article_published_time":"2025-05-20T12:37:18+00:00","article_modified_time":"2025-05-20T12:41:25+00:00","og_image":[{"width":1000,"height":1000,"url":"https:\/\/fondazionerezza.it\/wp-content\/uploads\/2025\/05\/mons._dario_rezza-1.jpg","type":"image\/jpeg"}],"author":"Gabriele","twitter_card":"summary_large_image","twitter_misc":{"Written by":"Gabriele","Est. reading time":"2 minutes"},"schema":{"@context":"https:\/\/schema.org","@graph":[{"@type":"WebPage","@id":"https:\/\/fondazionerezza.it\/comunicato-ufficiale-20-maggio-2025\/","url":"https:\/\/fondazionerezza.it\/comunicato-ufficiale-20-maggio-2025\/","name":"Comunicato ufficiale - Fondazione Rezza Pro Cultura et Caritate","isPartOf":{"@id":"https:\/\/fondazionerezza.it\/#website"},"primaryImageOfPage":{"@id":"https:\/\/fondazionerezza.it\/comunicato-ufficiale-20-maggio-2025\/#primaryimage"},"image":{"@id":"https:\/\/fondazionerezza.it\/comunicato-ufficiale-20-maggio-2025\/#primaryimage"},"thumbnailUrl":"https:\/\/fondazionerezza.it\/wp-content\/uploads\/2025\/05\/mons._dario_rezza-1.jpg","datePublished":"2025-05-20T12:37:18+00:00","dateModified":"2025-05-20T12:41:25+00:00","author":{"@id":"https:\/\/fondazionerezza.it\/#\/schema\/person\/78e9e3caf358a79f7796e45f1349a4c4"},"breadcrumb":{"@id":"https:\/\/fondazionerezza.it\/comunicato-ufficiale-20-maggio-2025\/#breadcrumb"},"inLanguage":"en-US","potentialAction":[{"@type":"ReadAction","target":["https:\/\/fondazionerezza.it\/comunicato-ufficiale-20-maggio-2025\/"]}]},{"@type":"ImageObject","inLanguage":"en-US","@id":"https:\/\/fondazionerezza.it\/comunicato-ufficiale-20-maggio-2025\/#primaryimage","url":"https:\/\/fondazionerezza.it\/wp-content\/uploads\/2025\/05\/mons._dario_rezza-1.jpg","contentUrl":"https:\/\/fondazionerezza.it\/wp-content\/uploads\/2025\/05\/mons._dario_rezza-1.jpg","width":1000,"height":1000,"caption":"dario rezza"},{"@type":"BreadcrumbList","@id":"https:\/\/fondazionerezza.it\/comunicato-ufficiale-20-maggio-2025\/#breadcrumb","itemListElement":[{"@type":"ListItem","position":1,"name":"Home","item":"https:\/\/fondazionerezza.it\/"},{"@type":"ListItem","position":2,"name":"Comunicato ufficiale"}]},{"@type":"WebSite","@id":"https:\/\/fondazionerezza.it\/#website","url":"https:\/\/fondazionerezza.it\/","name":"Rezza Foundation - Pro Cultura et Caritate","description":"We promote culture and charity for the common good","potentialAction":[{"@type":"SearchAction","target":{"@type":"EntryPoint","urlTemplate":"https:\/\/fondazionerezza.it\/?s={search_term_string}"},"query-input":{"@type":"PropertyValueSpecification","valueRequired":true,"valueName":"search_term_string"}}],"inLanguage":"en-US"},{"@type":"Person","@id":"https:\/\/fondazionerezza.it\/#\/schema\/person\/78e9e3caf358a79f7796e45f1349a4c4","name":"Gabriele","image":{"@type":"ImageObject","inLanguage":"en-US","@id":"https:\/\/fondazionerezza.it\/#\/schema\/person\/image\/","url":"https:\/\/secure.gravatar.com\/avatar\/39a6358c5a5ee772f51b11a850838ceb1033ab6288f087dd870f335f945da9a9?s=96&d=mm&r=g","contentUrl":"https:\/\/secure.gravatar.com\/avatar\/39a6358c5a5ee772f51b11a850838ceb1033ab6288f087dd870f335f945da9a9?s=96&d=mm&r=g","caption":"Gabriele"},"sameAs":["https:\/\/fondazionerezza.it"],"url":"https:\/\/fondazionerezza.it\/en\/author\/xakifihame8615\/"}]}},"_links":{"self":[{"href":"https:\/\/fondazionerezza.it\/en\/wp-json\/wp\/v2\/posts\/40427","targetHints":{"allow":["GET"]}}],"collection":[{"href":"https:\/\/fondazionerezza.it\/en\/wp-json\/wp\/v2\/posts"}],"about":[{"href":"https:\/\/fondazionerezza.it\/en\/wp-json\/wp\/v2\/types\/post"}],"author":[{"embeddable":true,"href":"https:\/\/fondazionerezza.it\/en\/wp-json\/wp\/v2\/users\/1"}],"replies":[{"embeddable":true,"href":"https:\/\/fondazionerezza.it\/en\/wp-json\/wp\/v2\/comments?post=40427"}],"version-history":[{"count":5,"href":"https:\/\/fondazionerezza.it\/en\/wp-json\/wp\/v2\/posts\/40427\/revisions"}],"predecessor-version":[{"id":40433,"href":"https:\/\/fondazionerezza.it\/en\/wp-json\/wp\/v2\/posts\/40427\/revisions\/40433"}],"wp:featuredmedia":[{"embeddable":true,"href":"https:\/\/fondazionerezza.it\/en\/wp-json\/wp\/v2\/media\/40428"}],"wp:attachment":[{"href":"https:\/\/fondazionerezza.it\/en\/wp-json\/wp\/v2\/media?parent=40427"}],"wp:term":[{"taxonomy":"category","embeddable":true,"href":"https:\/\/fondazionerezza.it\/en\/wp-json\/wp\/v2\/categories?post=40427"},{"taxonomy":"post_tag","embeddable":true,"href":"https:\/\/fondazionerezza.it\/en\/wp-json\/wp\/v2\/tags?post=40427"}],"curies":[{"name":"wp","href":"https:\/\/api.w.org\/{rel}","templated":true}]}}