{"id":40309,"date":"2025-02-22T18:08:40","date_gmt":"2025-02-22T18:08:40","guid":{"rendered":"https:\/\/fondazionerezza.it\/?p=40309"},"modified":"2025-02-27T14:26:30","modified_gmt":"2025-02-27T14:26:30","slug":"festa-della-cattedra-nella-basilica-di-san-pietro","status":"publish","type":"post","link":"https:\/\/fondazionerezza.it\/en\/festa-della-cattedra-nella-basilica-di-san-pietro\/","title":{"rendered":"Festa della Cattedra nella Basilica di San Pietro"},"content":{"rendered":"<div class=\"default-style\">\n<div class=\"default-style\">\n<div>\n<h6>Nella foto: da sinistra, Mons. Magrin, S.E.R. Mons. Kabongo, e Mons. Gervais mentre mostra lo studio curato da Mons. Rezza.<\/h6>\n<p>&nbsp;<\/p>\n<p>Discorso di Mons. Gervais:<\/p>\n<p><em>Eminenti autorit\u00e0, reverendi sacerdoti, cari fedeli e amici,<\/em><\/p>\n<p><em>Oggi celebriamo la festa della Cattedra di San Pietro, simbolo dell&#8217;autorit\u00e0 e del magistero del Successore di Pietro. In questa solenne occasione, ho l&#8217;onore di illustrarvi &#8220;La Cattedra lignea di San Pietro&#8221;, uno studio curato ed edito da Mons. Rezza con la casa editrice da egli fondata, la Edizioni Capitolo Vaticano. Si tratta di un&#8217;opera essenziale, dettagliata ed encomiabile, che racchiude la storia e il significato profondo di questo antico manufatto.<\/em><\/p>\n<p><em>La cattedra lignea giace da oltre tre secoli nel monumento berniniano posto nell&#8217;abside della nostra basilica, risultado quindi invisibile al pubblico; tuttavia \u00e8 sempre possibile ammirarne una copia fedele all&#8217;interno del Museo del Tesoro.<\/em><\/p>\n<p><em>La custodia bronzea\u00a0 realizzata dal Bernini rappresenta la totalit\u00e0 della tradizione cristiana, sorretta dalle statue dei quattro dottori della Chiesa: Sant&#8217;Agostino e Sant&#8217;Ambrogio per l&#8217;Occidente; San Giovanni Crisostomo e Sant&#8217;Atanasio per l&#8217;Oriente. Questo monumento \u00e8 un trionfo dello Spirito Santo che sovrasta ogni divisione.<\/em><\/p>\n<p><em>Certamente, come ci ricorda Mons. Rezza, il monumento bronzeo del Bernini \u00e8 la maggior glorificazione che si possa fare della cattedra, sia per il posto che esso occupa nella basilica sia perch\u00e8 ne conferma l&#8217;esaltazione a simbolo dell&#8217;autorit\u00e0 magistrale del Papa. Ed oggi, ornato di 100 candele, com&#8217;\u00e8 uso ogni 22 febbraio, offre uno spettacolo incomparabile.<\/em><\/p>\n<p><em>Lo studio che qui presentiamo comprende due saggi, uno sulla storia della Cattedra, redatto dal canonico Mons. Maccarrone, ed uno sulle decorazioni, realizzato dal canonico e nostro Fondatore Mons. Rezza. Con questo lavoro esploriamo quindi gli aspetti artistici e materiali del manufatto ed anche le radici storiche e teologiche della cattedra come segno visibile dell&#8217;unione tra i popoli: \u00e8 un invito a riflettere sulla missione petrina nel mondo contemporaneo.<\/em><\/p>\n<p><em>In questo giorno speciale, ci rivolgiamo al Signore affinch\u00e9 continui a guidarci sulla via della fede e dell&#8217;amore fraterno. Che la benedizione divina scenda su tutti noi mentre celebriamo questo momento solenne nella Basilica pi\u00f9 grande del mondo cristiano.<\/em><\/p>\n<p><em>Grazie a tutti coloro che hanno contribuito alla realizzazione di questa opera preziosa. Possa essa essere fonte d&#8217;ispirazione per quanti cercano verit\u00e0 e speranza in Cristo nostro Signore.<\/em><\/p>\n<p><em>Amen.<\/em><\/p>\n<\/div>\n<div><\/div>\n<\/div>\n<div><img fetchpriority=\"high\" decoding=\"async\" class=\"size-full wp-image-40312 aligncenter cmsmasters_img cmsmasters-lazyload lazyload\" src=\"https:\/\/fondazionerezza.it\/wp-content\/uploads\/2025\/02\/foto-da-inserire-in-fondo-allarticolo-30x43.jpg\" alt=\"\" width=\"432\" height=\"619\" data-sizes=\"(max-width: 432px) 100vw, 432px\" data-src=\"https:\/\/fondazionerezza.it\/wp-content\/uploads\/2025\/02\/foto-da-inserire-in-fondo-allarticolo.jpg\" data-srcset=\"https:\/\/fondazionerezza.it\/wp-content\/uploads\/2025\/02\/foto-da-inserire-in-fondo-allarticolo.jpg 432w, https:\/\/fondazionerezza.it\/wp-content\/uploads\/2025\/02\/foto-da-inserire-in-fondo-allarticolo-209x300.jpg 209w, https:\/\/fondazionerezza.it\/wp-content\/uploads\/2025\/02\/foto-da-inserire-in-fondo-allarticolo-30x43.jpg 30w, https:\/\/fondazionerezza.it\/wp-content\/uploads\/2025\/02\/foto-da-inserire-in-fondo-allarticolo-21x30.jpg 21w, https:\/\/fondazionerezza.it\/wp-content\/uploads\/2025\/02\/foto-da-inserire-in-fondo-allarticolo-7x10.jpg 7w\"><\/div>\n<\/div>","protected":false},"excerpt":{"rendered":"<p>La Fondazione e i Canonici sodali celebrano la Festa della Cattedra di San Pietro con uno studio curato da Mons. Rezza<\/p>","protected":false},"author":1,"featured_media":40311,"comment_status":"closed","ping_status":"closed","sticky":false,"template":"","format":"standard","meta":{"_acf_changed":false,"inline_featured_image":false,"footnotes":""},"categories":[26],"tags":[],"class_list":["post-40309","post","type-post","status-publish","format-standard","has-post-thumbnail","hentry","category-notizie"],"acf":[],"yoast_head":"<!-- This site is optimized with the Yoast SEO plugin v26.2 - https:\/\/yoast.com\/wordpress\/plugins\/seo\/ -->\n<title>Festa della Cattedra nella Basilica di San Pietro - Fondazione Rezza Pro Cultura et Caritate<\/title>\n<meta name=\"robots\" content=\"index, follow, max-snippet:-1, max-image-preview:large, max-video-preview:-1\" \/>\n<link rel=\"canonical\" href=\"https:\/\/fondazionerezza.it\/en\/festa-della-cattedra-nella-basilica-di-san-pietro\/\" \/>\n<meta property=\"og:locale\" content=\"en_US\" \/>\n<meta property=\"og:type\" content=\"article\" \/>\n<meta property=\"og:title\" content=\"Festa della Cattedra nella Basilica di San Pietro - Fondazione Rezza Pro Cultura et Caritate\" \/>\n<meta property=\"og:description\" content=\"La Fondazione e i Canonici sodali celebrano la Festa della Cattedra di San Pietro con uno studio curato da Mons. Rezza\" \/>\n<meta property=\"og:url\" content=\"https:\/\/fondazionerezza.it\/en\/festa-della-cattedra-nella-basilica-di-san-pietro\/\" \/>\n<meta property=\"og:site_name\" content=\"Fondazione Rezza Pro Cultura et Caritate\" \/>\n<meta property=\"article:published_time\" content=\"2025-02-22T18:08:40+00:00\" \/>\n<meta property=\"article:modified_time\" content=\"2025-02-27T14:26:30+00:00\" \/>\n<meta property=\"og:image\" content=\"https:\/\/fondazionerezza.it\/wp-content\/uploads\/2025\/02\/cattedra.jpg\" \/>\n\t<meta property=\"og:image:width\" content=\"1017\" \/>\n\t<meta property=\"og:image:height\" content=\"1425\" \/>\n\t<meta property=\"og:image:type\" content=\"image\/jpeg\" \/>\n<meta name=\"author\" content=\"Gabriele\" \/>\n<meta name=\"twitter:card\" content=\"summary_large_image\" \/>\n<meta name=\"twitter:label1\" content=\"Written by\" \/>\n\t<meta name=\"twitter:data1\" content=\"Gabriele\" \/>\n\t<meta name=\"twitter:label2\" content=\"Est. reading time\" \/>\n\t<meta name=\"twitter:data2\" content=\"3 minutes\" \/>\n<script type=\"application\/ld+json\" class=\"yoast-schema-graph\">{\"@context\":\"https:\/\/schema.org\",\"@graph\":[{\"@type\":\"WebPage\",\"@id\":\"https:\/\/fondazionerezza.it\/festa-della-cattedra-nella-basilica-di-san-pietro\/\",\"url\":\"https:\/\/fondazionerezza.it\/festa-della-cattedra-nella-basilica-di-san-pietro\/\",\"name\":\"Festa della Cattedra nella Basilica di San Pietro - Fondazione Rezza Pro Cultura et Caritate\",\"isPartOf\":{\"@id\":\"https:\/\/fondazionerezza.it\/#website\"},\"primaryImageOfPage\":{\"@id\":\"https:\/\/fondazionerezza.it\/festa-della-cattedra-nella-basilica-di-san-pietro\/#primaryimage\"},\"image\":{\"@id\":\"https:\/\/fondazionerezza.it\/festa-della-cattedra-nella-basilica-di-san-pietro\/#primaryimage\"},\"thumbnailUrl\":\"https:\/\/fondazionerezza.it\/wp-content\/uploads\/2025\/02\/cattedra.jpg\",\"datePublished\":\"2025-02-22T18:08:40+00:00\",\"dateModified\":\"2025-02-27T14:26:30+00:00\",\"author\":{\"@id\":\"https:\/\/fondazionerezza.it\/#\/schema\/person\/78e9e3caf358a79f7796e45f1349a4c4\"},\"breadcrumb\":{\"@id\":\"https:\/\/fondazionerezza.it\/festa-della-cattedra-nella-basilica-di-san-pietro\/#breadcrumb\"},\"inLanguage\":\"en-US\",\"potentialAction\":[{\"@type\":\"ReadAction\",\"target\":[\"https:\/\/fondazionerezza.it\/festa-della-cattedra-nella-basilica-di-san-pietro\/\"]}]},{\"@type\":\"ImageObject\",\"inLanguage\":\"en-US\",\"@id\":\"https:\/\/fondazionerezza.it\/festa-della-cattedra-nella-basilica-di-san-pietro\/#primaryimage\",\"url\":\"https:\/\/fondazionerezza.it\/wp-content\/uploads\/2025\/02\/cattedra.jpg\",\"contentUrl\":\"https:\/\/fondazionerezza.it\/wp-content\/uploads\/2025\/02\/cattedra.jpg\",\"width\":1017,\"height\":1425,\"caption\":\"Da sinistra, Mons. Magrin, S.E.R. Mons. Kabongo, e Mons. Gervais mentre mostra lo studio curato da Mons. Rezza\"},{\"@type\":\"BreadcrumbList\",\"@id\":\"https:\/\/fondazionerezza.it\/festa-della-cattedra-nella-basilica-di-san-pietro\/#breadcrumb\",\"itemListElement\":[{\"@type\":\"ListItem\",\"position\":1,\"name\":\"Home\",\"item\":\"https:\/\/fondazionerezza.it\/\"},{\"@type\":\"ListItem\",\"position\":2,\"name\":\"Festa della Cattedra nella Basilica di San Pietro\"}]},{\"@type\":\"WebSite\",\"@id\":\"https:\/\/fondazionerezza.it\/#website\",\"url\":\"https:\/\/fondazionerezza.it\/\",\"name\":\"Fondazione Rezza Pro Cultura et Caritate\",\"description\":\"Promuoviamo cultura e carit\u00e0 per il bene comune\",\"potentialAction\":[{\"@type\":\"SearchAction\",\"target\":{\"@type\":\"EntryPoint\",\"urlTemplate\":\"https:\/\/fondazionerezza.it\/?s={search_term_string}\"},\"query-input\":{\"@type\":\"PropertyValueSpecification\",\"valueRequired\":true,\"valueName\":\"search_term_string\"}}],\"inLanguage\":\"en-US\"},{\"@type\":\"Person\",\"@id\":\"https:\/\/fondazionerezza.it\/#\/schema\/person\/78e9e3caf358a79f7796e45f1349a4c4\",\"name\":\"Gabriele\",\"image\":{\"@type\":\"ImageObject\",\"inLanguage\":\"en-US\",\"@id\":\"https:\/\/fondazionerezza.it\/#\/schema\/person\/image\/\",\"url\":\"https:\/\/secure.gravatar.com\/avatar\/39a6358c5a5ee772f51b11a850838ceb1033ab6288f087dd870f335f945da9a9?s=96&d=mm&r=g\",\"contentUrl\":\"https:\/\/secure.gravatar.com\/avatar\/39a6358c5a5ee772f51b11a850838ceb1033ab6288f087dd870f335f945da9a9?s=96&d=mm&r=g\",\"caption\":\"Gabriele\"},\"sameAs\":[\"https:\/\/fondazionerezza.it\"],\"url\":\"https:\/\/fondazionerezza.it\/en\/author\/xakifihame8615\/\"}]}<\/script>\n<!-- \/ Yoast SEO plugin. -->","yoast_head_json":{"title":"Festa della Cattedra nella Basilica di San Pietro - Fondazione Rezza Pro Cultura et Caritate","robots":{"index":"index","follow":"follow","max-snippet":"max-snippet:-1","max-image-preview":"max-image-preview:large","max-video-preview":"max-video-preview:-1"},"canonical":"https:\/\/fondazionerezza.it\/en\/festa-della-cattedra-nella-basilica-di-san-pietro\/","og_locale":"en_US","og_type":"article","og_title":"Festa della Cattedra nella Basilica di San Pietro - Fondazione Rezza Pro Cultura et Caritate","og_description":"La Fondazione e i Canonici sodali celebrano la Festa della Cattedra di San Pietro con uno studio curato da Mons. Rezza","og_url":"https:\/\/fondazionerezza.it\/en\/festa-della-cattedra-nella-basilica-di-san-pietro\/","og_site_name":"Fondazione Rezza Pro Cultura et Caritate","article_published_time":"2025-02-22T18:08:40+00:00","article_modified_time":"2025-02-27T14:26:30+00:00","og_image":[{"width":1017,"height":1425,"url":"https:\/\/fondazionerezza.it\/wp-content\/uploads\/2025\/02\/cattedra.jpg","type":"image\/jpeg"}],"author":"Gabriele","twitter_card":"summary_large_image","twitter_misc":{"Written by":"Gabriele","Est. reading time":"3 minutes"},"schema":{"@context":"https:\/\/schema.org","@graph":[{"@type":"WebPage","@id":"https:\/\/fondazionerezza.it\/festa-della-cattedra-nella-basilica-di-san-pietro\/","url":"https:\/\/fondazionerezza.it\/festa-della-cattedra-nella-basilica-di-san-pietro\/","name":"Festa della Cattedra nella Basilica di San Pietro - Fondazione Rezza Pro Cultura et Caritate","isPartOf":{"@id":"https:\/\/fondazionerezza.it\/#website"},"primaryImageOfPage":{"@id":"https:\/\/fondazionerezza.it\/festa-della-cattedra-nella-basilica-di-san-pietro\/#primaryimage"},"image":{"@id":"https:\/\/fondazionerezza.it\/festa-della-cattedra-nella-basilica-di-san-pietro\/#primaryimage"},"thumbnailUrl":"https:\/\/fondazionerezza.it\/wp-content\/uploads\/2025\/02\/cattedra.jpg","datePublished":"2025-02-22T18:08:40+00:00","dateModified":"2025-02-27T14:26:30+00:00","author":{"@id":"https:\/\/fondazionerezza.it\/#\/schema\/person\/78e9e3caf358a79f7796e45f1349a4c4"},"breadcrumb":{"@id":"https:\/\/fondazionerezza.it\/festa-della-cattedra-nella-basilica-di-san-pietro\/#breadcrumb"},"inLanguage":"en-US","potentialAction":[{"@type":"ReadAction","target":["https:\/\/fondazionerezza.it\/festa-della-cattedra-nella-basilica-di-san-pietro\/"]}]},{"@type":"ImageObject","inLanguage":"en-US","@id":"https:\/\/fondazionerezza.it\/festa-della-cattedra-nella-basilica-di-san-pietro\/#primaryimage","url":"https:\/\/fondazionerezza.it\/wp-content\/uploads\/2025\/02\/cattedra.jpg","contentUrl":"https:\/\/fondazionerezza.it\/wp-content\/uploads\/2025\/02\/cattedra.jpg","width":1017,"height":1425,"caption":"Da sinistra, Mons. Magrin, S.E.R. Mons. Kabongo, e Mons. Gervais mentre mostra lo studio curato da Mons. Rezza"},{"@type":"BreadcrumbList","@id":"https:\/\/fondazionerezza.it\/festa-della-cattedra-nella-basilica-di-san-pietro\/#breadcrumb","itemListElement":[{"@type":"ListItem","position":1,"name":"Home","item":"https:\/\/fondazionerezza.it\/"},{"@type":"ListItem","position":2,"name":"Festa della Cattedra nella Basilica di San Pietro"}]},{"@type":"WebSite","@id":"https:\/\/fondazionerezza.it\/#website","url":"https:\/\/fondazionerezza.it\/","name":"Rezza Foundation - Pro Cultura et Caritate","description":"We promote culture and charity for the common good","potentialAction":[{"@type":"SearchAction","target":{"@type":"EntryPoint","urlTemplate":"https:\/\/fondazionerezza.it\/?s={search_term_string}"},"query-input":{"@type":"PropertyValueSpecification","valueRequired":true,"valueName":"search_term_string"}}],"inLanguage":"en-US"},{"@type":"Person","@id":"https:\/\/fondazionerezza.it\/#\/schema\/person\/78e9e3caf358a79f7796e45f1349a4c4","name":"Gabriele","image":{"@type":"ImageObject","inLanguage":"en-US","@id":"https:\/\/fondazionerezza.it\/#\/schema\/person\/image\/","url":"https:\/\/secure.gravatar.com\/avatar\/39a6358c5a5ee772f51b11a850838ceb1033ab6288f087dd870f335f945da9a9?s=96&d=mm&r=g","contentUrl":"https:\/\/secure.gravatar.com\/avatar\/39a6358c5a5ee772f51b11a850838ceb1033ab6288f087dd870f335f945da9a9?s=96&d=mm&r=g","caption":"Gabriele"},"sameAs":["https:\/\/fondazionerezza.it"],"url":"https:\/\/fondazionerezza.it\/en\/author\/xakifihame8615\/"}]}},"_links":{"self":[{"href":"https:\/\/fondazionerezza.it\/en\/wp-json\/wp\/v2\/posts\/40309","targetHints":{"allow":["GET"]}}],"collection":[{"href":"https:\/\/fondazionerezza.it\/en\/wp-json\/wp\/v2\/posts"}],"about":[{"href":"https:\/\/fondazionerezza.it\/en\/wp-json\/wp\/v2\/types\/post"}],"author":[{"embeddable":true,"href":"https:\/\/fondazionerezza.it\/en\/wp-json\/wp\/v2\/users\/1"}],"replies":[{"embeddable":true,"href":"https:\/\/fondazionerezza.it\/en\/wp-json\/wp\/v2\/comments?post=40309"}],"version-history":[{"count":6,"href":"https:\/\/fondazionerezza.it\/en\/wp-json\/wp\/v2\/posts\/40309\/revisions"}],"predecessor-version":[{"id":40321,"href":"https:\/\/fondazionerezza.it\/en\/wp-json\/wp\/v2\/posts\/40309\/revisions\/40321"}],"wp:featuredmedia":[{"embeddable":true,"href":"https:\/\/fondazionerezza.it\/en\/wp-json\/wp\/v2\/media\/40311"}],"wp:attachment":[{"href":"https:\/\/fondazionerezza.it\/en\/wp-json\/wp\/v2\/media?parent=40309"}],"wp:term":[{"taxonomy":"category","embeddable":true,"href":"https:\/\/fondazionerezza.it\/en\/wp-json\/wp\/v2\/categories?post=40309"},{"taxonomy":"post_tag","embeddable":true,"href":"https:\/\/fondazionerezza.it\/en\/wp-json\/wp\/v2\/tags?post=40309"}],"curies":[{"name":"wp","href":"https:\/\/api.w.org\/{rel}","templated":true}]}}