{"id":40300,"date":"2025-02-16T10:38:35","date_gmt":"2025-02-16T10:38:35","guid":{"rendered":"https:\/\/fondazionerezza.it\/?p=40300"},"modified":"2025-02-24T08:31:51","modified_gmt":"2025-02-24T08:31:51","slug":"la-fondazione-inaugura-la-sua-collezione-di-arte-contemporanea","status":"publish","type":"post","link":"https:\/\/fondazionerezza.it\/en\/la-fondazione-inaugura-la-sua-collezione-di-arte-contemporanea\/","title":{"rendered":"La Fondazione inaugura la sua collezione di arte contemporanea"},"content":{"rendered":"<p><em>\u201cPer trasmettere il messaggio affidatole da Cristo, la Chiesa ha bisogno dell\u2019arte. Essa deve infatti rendere percettibile e, anzi, per quanto possibile, affascinante il mondo dello spirito, dell\u2019invisibile, di Dio\u201d (Giovanni Paolo II, Lettera agli artisti, 12)<\/em><\/p>\n<p>&nbsp;<\/p>\n<p>Con il cuore aperto alla speranza e all&#8217;ispirazione divina, la Fondazione \u00e9 lieta d\u2019annunciare l&#8217;inaugurazione della sua collezione di arte contemporanea. Questo evento significativo si inserisce nel contesto del Giubileo della Speranza, in questi giorni, in particolare, dedicato agli artisti e agli operatori della cultura.<\/p>\n<p>&lt;&lt;Come sappiamo, il Giubileo \u00e8 un tempo straordinario di rinnovamento spirituale e culturale per tutta l&#8217;umanit\u00e0; oggi, con il Giubileo degli Artisti e del Mondo della Cultura, celebriamo in particolare il profondo legame tra i mondi di arte\/cultura ed il mondo della spiritualit\u00e0. Come Giovanni Paolo II ci ricorda, &#8220;la Chiesa ha bisogno dell&#8217;arte e degli artisti&#8221;. In questa luce, la Fondazione Rezza intende promuovere un&#8217;arte che elevi l&#8217;anima, che parli al cuore e che, attraverso la bellezza, conduca all&#8217;incontro con il Mistero. [\u2026]<\/p>\n<p>Ispirata ai valori perenni della fede cristiana, la Fondazione si dedica a servire la comunit\u00e0, elevando lo spirito attraverso la cultura e la carit\u00e0, invitando alla riflessione, in armonia con l&#8217;invito di Papa Francesco a &#8220;rianimare la speranza&#8221;. In questo tempo in cui il mondo anela a riscoprire un orizzonte di significato, abbiamo la missione di proporre ed incentivare le occasioni di incontro tra la creativit\u00e0 umana e la ricerca del trascendente.&gt;&gt; <em>Mons. Gervais<\/em><\/p>\n<p>La collezione prende avvio con un nucleo di tre opere d&#8217;arte donate dall&#8217;artista Antonio Teruzzi: si tratta di formelle in terracotta policroma e foglia d\u2019oro tratte dall\u2019opera \u201cIl Portale degli Angeli\u201d, esposta durante la mostra omonima da poco conclusasi. La serie di 27 formelle oggetto dell\u2019esposizione, si presenta allo spettatore con un\u2019intensa carica evocativa &#8211; tipica delle opere di Teruzzi &#8211; e, tutte insieme, esse rappresentano un portale che introduce a una riflessione sulla condizione umana e sulla ricerca di senso.<\/p>\n<p>Questa donazione assume un significato simbolico profondo, quasi come l&#8217;apertura di una &#8220;porta santa&#8221; verso nuove espressioni artistiche e spirituali.<\/p>\n<p>&lt;&lt;La Fondazione accoglie con molta gratitudine questo dono, vedendolo come l&#8217;inizio di un percorso volto a esplorare le molteplici espressioni dell&#8217;arte contemporanea, con un&#8217;attenzione particolare alle opere che si ispirano alla bellezza della fede cristiana, nel segno della <em>Via Pulchritudinis. <\/em>Crediamo fermamente che l&#8217;arte possa essere un mezzo privilegiato per riscoprire le radici della nostra cultura e per costruire un futuro in cui la spiritualit\u00e0 e la creativit\u00e0 si nutrano reciprocamente. [\u2026]<\/p>\n<p>\u00c8 il primo passo di quello che ci auguriamo essere un lungo e proficuo cammino. Come ci esorta Giovanni Paolo II, \u00e8 fondamentale &#8220;riscoprire la profondit\u00e0 della dimensione spirituale e religiosa che ha caratterizzato in ogni tempo l\u2019arte nelle sue pi\u00f9 nobili forme espressive&#8221;.&gt;&gt; <em>Mons. Gervais<\/em><\/p>\n<p>In questo spirito, la Fondazione \u00e8 attualmente impegnata nella ricerca di uno spazio dedicato per ospitare permanentemente la collezione. Questo luogo non sar\u00e0 semplicemente un&#8217;esposizione di opere, ma un vero e proprio centro di irradiazione culturale e spirituale, un invito a contemplare la bellezza e a lasciarsi interrogare dai misteri della vita.<\/p>\n<p>&lt;&lt;Le opere che progressivamente entreranno a far parte della collezione saranno adeguatamente valorizzate in un contesto espositivo dedicato e, da qui, divulgate al pubblico.<\/p>\n<p>Estendiamo quindi un caloroso invito a tutti gli artisti, curatori, collezionisti, studiosi e amanti dell&#8217;arte a unirsi a noi in questo cammino. Ogni proposta, suggerimento o contributo che arriver\u00e0 sar\u00e0 tenuto in considerazione. Insieme, possiamo edificare un futuro in cui l&#8217;arte sia strumento di evangelizzazione, di dialogo e di crescita umana, contribuendo a &#8220;rianimare la speranza&#8221; nel cuore dell&#8217;uomo. Che questa collezione sia un invito a riscoprire la bellezza della fede e la fede nella bellezza, per un mondo pi\u00f9 umano e pi\u00f9 vicino a Dio.&gt;&gt; <em>Mons. Gervais<\/em><\/p>\n<p>Nel contesto del Giubileo degli Artisti, la Fondazione si unisce all&#8217;appello del Cardinale Jos\u00e9 Tolentino de Mendon\u00e7a a &#8220;mettere al centro dello spazio pubblico la speranza come tema prioritario della creativit\u00e0&#8221;.<\/p>\n<p>&nbsp;<\/p>\n<blockquote><p>Dalla \u201cLETTERA AGLI ARTISTI\u201d di Papa Giovanni Paolo II Vaticano 4 Aprile 1999 &#8211; Pasqua di Resurrezione<\/p>\n<p>APPELLO AGLI ARTISTI<\/p>\n<p>Con questa lettera mi rivolgo a voi, artisti del mondo intero, per confermarvi la mia stima e per contribuire al riannodarsi di una pi\u00f9 proficua cooperazione tra l&#8217;arte e la Chiesa. Il mio \u00e8 un invito a riscoprire la profondit\u00e0 della dimensione spirituale e religiosa, che ha caratterizzato in ogni tempo l&#8217;arte nelle sue pi\u00f9 nobili forme espressive. \u00c8 in questa prospettiva che io faccio appello a voi, artisti della parola scritta e orale, del teatro e della musica, delle arti plastiche e delle pi\u00f9 moderne tecnologie di comunicazione. Faccio appello specialmente a voi, artisti cristiani: a ciascuno vorrei ricordare che l&#8217;alleanza stretta da sempre tra Vangelo e arte, al di l\u00e0 delle esigenze funzionali, implica l&#8217;invito a penetrare con intuizione creativa nel mistero del Dio incarnato e, al contempo, nel mistero dell&#8217;uomo.<\/p>\n<p>Ogni essere umano, in un certo senso, \u00e8 sconosciuto a se stesso. Ges\u00f9 Cristo non soltanto rivela Dio, ma &#8220;svela pienamente l&#8217;uomo all&#8217;uomo&#8221;. In Cristo Dio ha riconciliato a s\u00e9 il mondo. Tutti i credenti sono chiamati a rendere questa testimonianza; ma tocca a voi, uomini e donne che avete dedicato all&#8217;arte la vostra vita, dire con la ricchezza della vostra genialit\u00e0 che in Cristo il mondo \u00e8 redento: \u00e8 redento l&#8217;uomo, \u00e8 redento il corpo umano, \u00e8 redenta l&#8217;intera creazione, di cui san Paolo ha scritto che &#8220;attende con impazienza la rivelazione dei figli di Dio&#8221; (Rm 8,19). Essa aspetta la rivelazione dei figli di Dio anche mediante l&#8217;arte e nell&#8217;arte. \u00c8 questo il vostro compito. A contatto con le opere d&#8217;arte, l&#8217;umanit\u00e0 di tutti i tempi &#8211; anche quella di oggi &#8211; aspetta di essere illuminata sul proprio cammino e sul proprio destino.<\/p><\/blockquote>","protected":false},"excerpt":{"rendered":"<p>Con Antonio Teruzzi si apre un nuovo capitolo di Bellezza e Fede.<\/p>","protected":false},"author":1,"featured_media":40302,"comment_status":"closed","ping_status":"closed","sticky":false,"template":"","format":"standard","meta":{"_acf_changed":false,"inline_featured_image":false,"footnotes":""},"categories":[26],"tags":[],"class_list":["post-40300","post","type-post","status-publish","format-standard","has-post-thumbnail","hentry","category-notizie"],"acf":[],"yoast_head":"<!-- This site is optimized with the Yoast SEO plugin v26.2 - https:\/\/yoast.com\/wordpress\/plugins\/seo\/ -->\n<title>La Fondazione inaugura la sua collezione di arte contemporanea - Fondazione Rezza Pro Cultura et Caritate<\/title>\n<meta name=\"robots\" content=\"index, follow, max-snippet:-1, max-image-preview:large, max-video-preview:-1\" \/>\n<link rel=\"canonical\" href=\"https:\/\/fondazionerezza.it\/en\/la-fondazione-inaugura-la-sua-collezione-di-arte-contemporanea\/\" \/>\n<meta property=\"og:locale\" content=\"en_US\" \/>\n<meta property=\"og:type\" content=\"article\" \/>\n<meta property=\"og:title\" content=\"La Fondazione inaugura la sua collezione di arte contemporanea - Fondazione Rezza Pro Cultura et Caritate\" \/>\n<meta property=\"og:description\" content=\"Con Antonio Teruzzi si apre un nuovo capitolo di Bellezza e Fede.\" \/>\n<meta property=\"og:url\" content=\"https:\/\/fondazionerezza.it\/en\/la-fondazione-inaugura-la-sua-collezione-di-arte-contemporanea\/\" \/>\n<meta property=\"og:site_name\" content=\"Fondazione Rezza Pro Cultura et Caritate\" \/>\n<meta property=\"article:published_time\" content=\"2025-02-16T10:38:35+00:00\" \/>\n<meta property=\"article:modified_time\" content=\"2025-02-24T08:31:51+00:00\" \/>\n<meta property=\"og:image\" content=\"https:\/\/fondazionerezza.it\/wp-content\/uploads\/2025\/02\/IMG_0530.jpeg\" \/>\n\t<meta property=\"og:image:width\" content=\"1000\" \/>\n\t<meta property=\"og:image:height\" content=\"563\" \/>\n\t<meta property=\"og:image:type\" content=\"image\/jpeg\" \/>\n<meta name=\"author\" content=\"Gabriele\" \/>\n<meta name=\"twitter:card\" content=\"summary_large_image\" \/>\n<meta name=\"twitter:label1\" content=\"Written by\" \/>\n\t<meta name=\"twitter:data1\" content=\"Gabriele\" \/>\n\t<meta name=\"twitter:label2\" content=\"Est. reading time\" \/>\n\t<meta name=\"twitter:data2\" content=\"3 minutes\" \/>\n<script type=\"application\/ld+json\" class=\"yoast-schema-graph\">{\"@context\":\"https:\/\/schema.org\",\"@graph\":[{\"@type\":\"WebPage\",\"@id\":\"https:\/\/fondazionerezza.it\/la-fondazione-inaugura-la-sua-collezione-di-arte-contemporanea\/\",\"url\":\"https:\/\/fondazionerezza.it\/la-fondazione-inaugura-la-sua-collezione-di-arte-contemporanea\/\",\"name\":\"La Fondazione inaugura la sua collezione di arte contemporanea - Fondazione Rezza Pro Cultura et Caritate\",\"isPartOf\":{\"@id\":\"https:\/\/fondazionerezza.it\/#website\"},\"primaryImageOfPage\":{\"@id\":\"https:\/\/fondazionerezza.it\/la-fondazione-inaugura-la-sua-collezione-di-arte-contemporanea\/#primaryimage\"},\"image\":{\"@id\":\"https:\/\/fondazionerezza.it\/la-fondazione-inaugura-la-sua-collezione-di-arte-contemporanea\/#primaryimage\"},\"thumbnailUrl\":\"https:\/\/fondazionerezza.it\/wp-content\/uploads\/2025\/02\/IMG_0530.jpeg\",\"datePublished\":\"2025-02-16T10:38:35+00:00\",\"dateModified\":\"2025-02-24T08:31:51+00:00\",\"author\":{\"@id\":\"https:\/\/fondazionerezza.it\/#\/schema\/person\/78e9e3caf358a79f7796e45f1349a4c4\"},\"breadcrumb\":{\"@id\":\"https:\/\/fondazionerezza.it\/la-fondazione-inaugura-la-sua-collezione-di-arte-contemporanea\/#breadcrumb\"},\"inLanguage\":\"en-US\",\"potentialAction\":[{\"@type\":\"ReadAction\",\"target\":[\"https:\/\/fondazionerezza.it\/la-fondazione-inaugura-la-sua-collezione-di-arte-contemporanea\/\"]}]},{\"@type\":\"ImageObject\",\"inLanguage\":\"en-US\",\"@id\":\"https:\/\/fondazionerezza.it\/la-fondazione-inaugura-la-sua-collezione-di-arte-contemporanea\/#primaryimage\",\"url\":\"https:\/\/fondazionerezza.it\/wp-content\/uploads\/2025\/02\/IMG_0530.jpeg\",\"contentUrl\":\"https:\/\/fondazionerezza.it\/wp-content\/uploads\/2025\/02\/IMG_0530.jpeg\",\"width\":1000,\"height\":563},{\"@type\":\"BreadcrumbList\",\"@id\":\"https:\/\/fondazionerezza.it\/la-fondazione-inaugura-la-sua-collezione-di-arte-contemporanea\/#breadcrumb\",\"itemListElement\":[{\"@type\":\"ListItem\",\"position\":1,\"name\":\"Home\",\"item\":\"https:\/\/fondazionerezza.it\/\"},{\"@type\":\"ListItem\",\"position\":2,\"name\":\"La Fondazione inaugura la sua collezione di arte contemporanea\"}]},{\"@type\":\"WebSite\",\"@id\":\"https:\/\/fondazionerezza.it\/#website\",\"url\":\"https:\/\/fondazionerezza.it\/\",\"name\":\"Fondazione Rezza Pro Cultura et Caritate\",\"description\":\"Promuoviamo cultura e carit\u00e0 per il bene comune\",\"potentialAction\":[{\"@type\":\"SearchAction\",\"target\":{\"@type\":\"EntryPoint\",\"urlTemplate\":\"https:\/\/fondazionerezza.it\/?s={search_term_string}\"},\"query-input\":{\"@type\":\"PropertyValueSpecification\",\"valueRequired\":true,\"valueName\":\"search_term_string\"}}],\"inLanguage\":\"en-US\"},{\"@type\":\"Person\",\"@id\":\"https:\/\/fondazionerezza.it\/#\/schema\/person\/78e9e3caf358a79f7796e45f1349a4c4\",\"name\":\"Gabriele\",\"image\":{\"@type\":\"ImageObject\",\"inLanguage\":\"en-US\",\"@id\":\"https:\/\/fondazionerezza.it\/#\/schema\/person\/image\/\",\"url\":\"https:\/\/secure.gravatar.com\/avatar\/39a6358c5a5ee772f51b11a850838ceb1033ab6288f087dd870f335f945da9a9?s=96&d=mm&r=g\",\"contentUrl\":\"https:\/\/secure.gravatar.com\/avatar\/39a6358c5a5ee772f51b11a850838ceb1033ab6288f087dd870f335f945da9a9?s=96&d=mm&r=g\",\"caption\":\"Gabriele\"},\"sameAs\":[\"https:\/\/fondazionerezza.it\"],\"url\":\"https:\/\/fondazionerezza.it\/en\/author\/xakifihame8615\/\"}]}<\/script>\n<!-- \/ Yoast SEO plugin. -->","yoast_head_json":{"title":"La Fondazione inaugura la sua collezione di arte contemporanea - Fondazione Rezza Pro Cultura et Caritate","robots":{"index":"index","follow":"follow","max-snippet":"max-snippet:-1","max-image-preview":"max-image-preview:large","max-video-preview":"max-video-preview:-1"},"canonical":"https:\/\/fondazionerezza.it\/en\/la-fondazione-inaugura-la-sua-collezione-di-arte-contemporanea\/","og_locale":"en_US","og_type":"article","og_title":"La Fondazione inaugura la sua collezione di arte contemporanea - Fondazione Rezza Pro Cultura et Caritate","og_description":"Con Antonio Teruzzi si apre un nuovo capitolo di Bellezza e Fede.","og_url":"https:\/\/fondazionerezza.it\/en\/la-fondazione-inaugura-la-sua-collezione-di-arte-contemporanea\/","og_site_name":"Fondazione Rezza Pro Cultura et Caritate","article_published_time":"2025-02-16T10:38:35+00:00","article_modified_time":"2025-02-24T08:31:51+00:00","og_image":[{"width":1000,"height":563,"url":"https:\/\/fondazionerezza.it\/wp-content\/uploads\/2025\/02\/IMG_0530.jpeg","type":"image\/jpeg"}],"author":"Gabriele","twitter_card":"summary_large_image","twitter_misc":{"Written by":"Gabriele","Est. reading time":"3 minutes"},"schema":{"@context":"https:\/\/schema.org","@graph":[{"@type":"WebPage","@id":"https:\/\/fondazionerezza.it\/la-fondazione-inaugura-la-sua-collezione-di-arte-contemporanea\/","url":"https:\/\/fondazionerezza.it\/la-fondazione-inaugura-la-sua-collezione-di-arte-contemporanea\/","name":"La Fondazione inaugura la sua collezione di arte contemporanea - Fondazione Rezza Pro Cultura et Caritate","isPartOf":{"@id":"https:\/\/fondazionerezza.it\/#website"},"primaryImageOfPage":{"@id":"https:\/\/fondazionerezza.it\/la-fondazione-inaugura-la-sua-collezione-di-arte-contemporanea\/#primaryimage"},"image":{"@id":"https:\/\/fondazionerezza.it\/la-fondazione-inaugura-la-sua-collezione-di-arte-contemporanea\/#primaryimage"},"thumbnailUrl":"https:\/\/fondazionerezza.it\/wp-content\/uploads\/2025\/02\/IMG_0530.jpeg","datePublished":"2025-02-16T10:38:35+00:00","dateModified":"2025-02-24T08:31:51+00:00","author":{"@id":"https:\/\/fondazionerezza.it\/#\/schema\/person\/78e9e3caf358a79f7796e45f1349a4c4"},"breadcrumb":{"@id":"https:\/\/fondazionerezza.it\/la-fondazione-inaugura-la-sua-collezione-di-arte-contemporanea\/#breadcrumb"},"inLanguage":"en-US","potentialAction":[{"@type":"ReadAction","target":["https:\/\/fondazionerezza.it\/la-fondazione-inaugura-la-sua-collezione-di-arte-contemporanea\/"]}]},{"@type":"ImageObject","inLanguage":"en-US","@id":"https:\/\/fondazionerezza.it\/la-fondazione-inaugura-la-sua-collezione-di-arte-contemporanea\/#primaryimage","url":"https:\/\/fondazionerezza.it\/wp-content\/uploads\/2025\/02\/IMG_0530.jpeg","contentUrl":"https:\/\/fondazionerezza.it\/wp-content\/uploads\/2025\/02\/IMG_0530.jpeg","width":1000,"height":563},{"@type":"BreadcrumbList","@id":"https:\/\/fondazionerezza.it\/la-fondazione-inaugura-la-sua-collezione-di-arte-contemporanea\/#breadcrumb","itemListElement":[{"@type":"ListItem","position":1,"name":"Home","item":"https:\/\/fondazionerezza.it\/"},{"@type":"ListItem","position":2,"name":"La Fondazione inaugura la sua collezione di arte contemporanea"}]},{"@type":"WebSite","@id":"https:\/\/fondazionerezza.it\/#website","url":"https:\/\/fondazionerezza.it\/","name":"Rezza Foundation - Pro Cultura et Caritate","description":"We promote culture and charity for the common good","potentialAction":[{"@type":"SearchAction","target":{"@type":"EntryPoint","urlTemplate":"https:\/\/fondazionerezza.it\/?s={search_term_string}"},"query-input":{"@type":"PropertyValueSpecification","valueRequired":true,"valueName":"search_term_string"}}],"inLanguage":"en-US"},{"@type":"Person","@id":"https:\/\/fondazionerezza.it\/#\/schema\/person\/78e9e3caf358a79f7796e45f1349a4c4","name":"Gabriele","image":{"@type":"ImageObject","inLanguage":"en-US","@id":"https:\/\/fondazionerezza.it\/#\/schema\/person\/image\/","url":"https:\/\/secure.gravatar.com\/avatar\/39a6358c5a5ee772f51b11a850838ceb1033ab6288f087dd870f335f945da9a9?s=96&d=mm&r=g","contentUrl":"https:\/\/secure.gravatar.com\/avatar\/39a6358c5a5ee772f51b11a850838ceb1033ab6288f087dd870f335f945da9a9?s=96&d=mm&r=g","caption":"Gabriele"},"sameAs":["https:\/\/fondazionerezza.it"],"url":"https:\/\/fondazionerezza.it\/en\/author\/xakifihame8615\/"}]}},"_links":{"self":[{"href":"https:\/\/fondazionerezza.it\/en\/wp-json\/wp\/v2\/posts\/40300","targetHints":{"allow":["GET"]}}],"collection":[{"href":"https:\/\/fondazionerezza.it\/en\/wp-json\/wp\/v2\/posts"}],"about":[{"href":"https:\/\/fondazionerezza.it\/en\/wp-json\/wp\/v2\/types\/post"}],"author":[{"embeddable":true,"href":"https:\/\/fondazionerezza.it\/en\/wp-json\/wp\/v2\/users\/1"}],"replies":[{"embeddable":true,"href":"https:\/\/fondazionerezza.it\/en\/wp-json\/wp\/v2\/comments?post=40300"}],"version-history":[{"count":3,"href":"https:\/\/fondazionerezza.it\/en\/wp-json\/wp\/v2\/posts\/40300\/revisions"}],"predecessor-version":[{"id":40307,"href":"https:\/\/fondazionerezza.it\/en\/wp-json\/wp\/v2\/posts\/40300\/revisions\/40307"}],"wp:featuredmedia":[{"embeddable":true,"href":"https:\/\/fondazionerezza.it\/en\/wp-json\/wp\/v2\/media\/40302"}],"wp:attachment":[{"href":"https:\/\/fondazionerezza.it\/en\/wp-json\/wp\/v2\/media?parent=40300"}],"wp:term":[{"taxonomy":"category","embeddable":true,"href":"https:\/\/fondazionerezza.it\/en\/wp-json\/wp\/v2\/categories?post=40300"},{"taxonomy":"post_tag","embeddable":true,"href":"https:\/\/fondazionerezza.it\/en\/wp-json\/wp\/v2\/tags?post=40300"}],"curies":[{"name":"wp","href":"https:\/\/api.w.org\/{rel}","templated":true}]}}